{"id":4221,"date":"2021-02-11T08:23:59","date_gmt":"2021-02-11T07:23:59","guid":{"rendered":"https:\/\/catholiques17.fr\/saintes\/?p=4221"},"modified":"2021-04-27T11:49:37","modified_gmt":"2021-04-27T09:49:37","slug":"cathedrale-saint-pierre-de-saintes","status":"publish","type":"post","link":"https:\/\/catholiques17.fr\/saintes\/cathedrale-saint-pierre-de-saintes\/","title":{"rendered":"Cath\u00e9drale Saint-Pierre de Saintes"},"content":{"rendered":"\n<p id=\"block-77f80b31-c191-4906-94d3-923285fc1c77\"><br>2 Place Saint-Pierre, 17100 Saintes<\/p>\n\n\n\n<p id=\"block-da237327-8a63-4261-8e33-03956862d579\">Reconstruite apr\u00e8s la guerre de Cent-Ans, la cath\u00e9drale Saint-Pierre comptait parmi les grands monument gothique flamboyant dans l&rsquo;Ouest. En 1568, alors qu&rsquo;elle n&rsquo;\u00e9tait pas enti\u00e8rement achev\u00e9e, ses vo\u00fbtes furent d\u00e9truites par les troupes protestantes.<\/p>\n\n\n\n<p id=\"block-490647e1-73cf-431b-a67a-2d39ca15424a\">La cath\u00e9drale de Saintes est le si\u00e8ge du dioc\u00e8se de Saintonge jusqu&rsquo;en 1802, date \u00e0 laquelle ce dernier est rattach\u00e9 \u00e0 celui d&rsquo;Aunis, \u00e9tabli \u00e0 La Rochelle. D\u00e9chue de son titre de cath\u00e9drale, celui-ci lui est rendu par un bref pontifical du pape Pie IX le 22 janvier 1852, lequel institue le dioc\u00e8se de La Rochelle et Saintes.<\/p>\n\n\n\n<p id=\"block-c90e4aa5-2bac-4b92-94d5-73cb57ce7cd7\">Le clo\u00eetre canonial du 13\u00e8 si\u00e8cle qui lui est attenant est class\u00e9 monument historique \u00e0 son tour le 9 juin 19372. C&rsquo;est le plus grand \u00e9difice religieux de Saintes. D&rsquo;origine romane (12\u00e8me si\u00e8cle), elle est presque enti\u00e8rement reconstruite en style gothique flamboyant (15\u00e8me si\u00e8cle) m\u00eame si la fl\u00e8che majestueuse qui devait la couronner ne verra jamais le jour.<\/p>\n\n\n\n<div class=\"wp-block-image is-style-default\"><figure class=\"aligncenter size-large\"><img loading=\"lazy\" decoding=\"async\" width=\"800\" height=\"610\" src=\"https:\/\/catholiques17.fr\/saintes\/wp-content\/uploads\/sites\/3\/2021\/04\/Capture.jpg\" alt=\"\" class=\"wp-image-4578\" srcset=\"https:\/\/catholiques17.fr\/saintes\/wp-content\/uploads\/sites\/3\/2021\/04\/Capture.jpg 800w, https:\/\/catholiques17.fr\/saintes\/wp-content\/uploads\/sites\/3\/2021\/04\/Capture-480x366.jpg 480w\" sizes=\"(min-width: 0px) and (max-width: 480px) 480px, (min-width: 481px) 800px, 100vw\" \/><\/figure><\/div>\n","protected":false},"excerpt":{"rendered":"<p>2 Place Saint-Pierre, 17100 Saintes Reconstruite apr\u00e8s la guerre de Cent-Ans, la cath\u00e9drale Saint-Pierre comptait parmi les grands monument gothique flamboyant dans l&rsquo;Ouest. En 1568, alors qu&rsquo;elle n&rsquo;\u00e9tait pas enti\u00e8rement [&hellip;]<\/p>\n","protected":false},"author":1,"featured_media":0,"comment_status":"open","ping_status":"open","sticky":false,"template":"","format":"standard","meta":{"_et_pb_use_builder":"off","_et_pb_old_content":"","_et_gb_content_width":"","footnotes":""},"categories":[1],"tags":[],"class_list":["post-4221","post","type-post","status-publish","format-standard","hentry","category-non-classe"],"_links":{"self":[{"href":"https:\/\/catholiques17.fr\/saintes\/wp-json\/wp\/v2\/posts\/4221","targetHints":{"allow":["GET"]}}],"collection":[{"href":"https:\/\/catholiques17.fr\/saintes\/wp-json\/wp\/v2\/posts"}],"about":[{"href":"https:\/\/catholiques17.fr\/saintes\/wp-json\/wp\/v2\/types\/post"}],"author":[{"embeddable":true,"href":"https:\/\/catholiques17.fr\/saintes\/wp-json\/wp\/v2\/users\/1"}],"replies":[{"embeddable":true,"href":"https:\/\/catholiques17.fr\/saintes\/wp-json\/wp\/v2\/comments?post=4221"}],"version-history":[{"count":3,"href":"https:\/\/catholiques17.fr\/saintes\/wp-json\/wp\/v2\/posts\/4221\/revisions"}],"predecessor-version":[{"id":4580,"href":"https:\/\/catholiques17.fr\/saintes\/wp-json\/wp\/v2\/posts\/4221\/revisions\/4580"}],"wp:attachment":[{"href":"https:\/\/catholiques17.fr\/saintes\/wp-json\/wp\/v2\/media?parent=4221"}],"wp:term":[{"taxonomy":"category","embeddable":true,"href":"https:\/\/catholiques17.fr\/saintes\/wp-json\/wp\/v2\/categories?post=4221"},{"taxonomy":"post_tag","embeddable":true,"href":"https:\/\/catholiques17.fr\/saintes\/wp-json\/wp\/v2\/tags?post=4221"}],"curies":[{"name":"wp","href":"https:\/\/api.w.org\/{rel}","templated":true}]}}