{"id":4159,"date":"2021-01-26T11:20:18","date_gmt":"2021-01-26T10:20:18","guid":{"rendered":"https:\/\/catholiques17.fr\/saintes\/?p=4159"},"modified":"2021-04-15T12:10:52","modified_gmt":"2021-04-15T10:10:52","slug":"messe-par-les-jeunes-jan-2021","status":"publish","type":"post","link":"https:\/\/catholiques17.fr\/saintes\/messe-par-les-jeunes-jan-2021\/","title":{"rendered":"Messe par les jeunes (Jan 2021)"},"content":{"rendered":"\n<p class=\"has-background has-pale-cyan-blue-background-color\">Depuis cette ann\u00e9e, les paroisses de Saintes proposent une <strong>messe anim\u00e9e par les jeunes<\/strong> (coll\u00e9giens, lyc\u00e9ens, \u00e9tudiants), et ouverte \u00e0 tous.<\/p>\n\n\n\n<p>Cette messe aura lieu chaque dimanche \u00e0 18h (<strong>horaire avanc\u00e9 \u00e0 16h30<\/strong> en raison du couvre-feu), \u00e0 l&rsquo;<strong>Abbaye aux Dames<\/strong>.<\/p>\n\n\n\n<p>Venez nombreux ! Invitez vos amis, surtout ceux qui n&rsquo;ont pas l&rsquo;habitude de la messe dominicale. <\/p>\n\n\n\n<p><strong>Les musiciens sont les bienvenus !<\/strong> Ils peuvent se rendre \u00e0 l&rsquo;Abbaye une heure avant la messe pour r\u00e9p\u00e9ter l&rsquo;accompagnement des chants.<\/p>\n","protected":false},"excerpt":{"rendered":"<p>Depuis cette ann\u00e9e, les paroisses de Saintes proposent une messe anim\u00e9e par les jeunes (coll\u00e9giens, lyc\u00e9ens, \u00e9tudiants), et ouverte \u00e0 tous. Cette messe aura lieu chaque dimanche \u00e0 18h (horaire [&hellip;]<\/p>\n","protected":false},"author":6,"featured_media":0,"comment_status":"open","ping_status":"open","sticky":true,"template":"","format":"standard","meta":{"_et_pb_use_builder":"","_et_pb_old_content":"","_et_gb_content_width":"","footnotes":""},"categories":[6],"tags":[],"class_list":["post-4159","post","type-post","status-publish","format-standard","hentry","category-actualite"],"_links":{"self":[{"href":"https:\/\/catholiques17.fr\/saintes\/wp-json\/wp\/v2\/posts\/4159","targetHints":{"allow":["GET"]}}],"collection":[{"href":"https:\/\/catholiques17.fr\/saintes\/wp-json\/wp\/v2\/posts"}],"about":[{"href":"https:\/\/catholiques17.fr\/saintes\/wp-json\/wp\/v2\/types\/post"}],"author":[{"embeddable":true,"href":"https:\/\/catholiques17.fr\/saintes\/wp-json\/wp\/v2\/users\/6"}],"replies":[{"embeddable":true,"href":"https:\/\/catholiques17.fr\/saintes\/wp-json\/wp\/v2\/comments?post=4159"}],"version-history":[{"count":1,"href":"https:\/\/catholiques17.fr\/saintes\/wp-json\/wp\/v2\/posts\/4159\/revisions"}],"predecessor-version":[{"id":4487,"href":"https:\/\/catholiques17.fr\/saintes\/wp-json\/wp\/v2\/posts\/4159\/revisions\/4487"}],"wp:attachment":[{"href":"https:\/\/catholiques17.fr\/saintes\/wp-json\/wp\/v2\/media?parent=4159"}],"wp:term":[{"taxonomy":"category","embeddable":true,"href":"https:\/\/catholiques17.fr\/saintes\/wp-json\/wp\/v2\/categories?post=4159"},{"taxonomy":"post_tag","embeddable":true,"href":"https:\/\/catholiques17.fr\/saintes\/wp-json\/wp\/v2\/tags?post=4159"}],"curies":[{"name":"wp","href":"https:\/\/api.w.org\/{rel}","templated":true}]}}