{"id":4140,"date":"2021-01-21T11:39:14","date_gmt":"2021-01-21T10:39:14","guid":{"rendered":"https:\/\/catholiques17.fr\/saintes\/?p=4140"},"modified":"2021-01-21T11:39:14","modified_gmt":"2021-01-21T10:39:14","slug":"les-attaques-contre-la-vie-humaine-janv-21","status":"publish","type":"post","link":"https:\/\/catholiques17.fr\/saintes\/les-attaques-contre-la-vie-humaine-janv-21\/","title":{"rendered":"Conf\u00e9rence \u00ab\u00a0Les attaques contre la famille\u00a0\u00bb (Jan 2021)"},"content":{"rendered":"\n<p>Retrouvez ici la <strong><a href=\"https:\/\/drive.google.com\/file\/d\/1S3kGHlWEGSkPAwfxOAp0qaq49sbAWAjE\/view?usp=sharing\">conf\u00e9rence du P\u00e8re Silvio Moreno<\/a><\/strong>, donn\u00e9e \u00e0 huis-clos le 22 Janvier, au Presbyt\u00e8re Saint Pallais, en raison du Couvre Feu<\/p>\n\n\n\n<figure class=\"wp-block-image size-large\"><a href=\"https:\/\/drive.google.com\/file\/d\/1S3kGHlWEGSkPAwfxOAp0qaq49sbAWAjE\/view?usp=sharing\"><img decoding=\"async\" src=\"https:\/\/catholiques17.fr\/saintes\/wp-content\/uploads\/sites\/3\/2021\/01\/attaques.jpg\" alt=\"\" class=\"wp-image-4169\" \/><\/a><\/figure>\n","protected":false},"excerpt":{"rendered":"<p>Retrouvez ici la conf\u00e9rence du P\u00e8re Silvio Moreno, donn\u00e9e \u00e0 huis-clos le 22 Janvier, au Presbyt\u00e8re Saint Pallais, en raison du Couvre Feu<\/p>\n","protected":false},"author":1,"featured_media":0,"comment_status":"open","ping_status":"open","sticky":true,"template":"","format":"standard","meta":{"_et_pb_use_builder":"","_et_pb_old_content":"","_et_gb_content_width":"","footnotes":""},"categories":[1],"tags":[],"class_list":["post-4140","post","type-post","status-publish","format-standard","hentry","category-non-classe"],"_links":{"self":[{"href":"https:\/\/catholiques17.fr\/saintes\/wp-json\/wp\/v2\/posts\/4140","targetHints":{"allow":["GET"]}}],"collection":[{"href":"https:\/\/catholiques17.fr\/saintes\/wp-json\/wp\/v2\/posts"}],"about":[{"href":"https:\/\/catholiques17.fr\/saintes\/wp-json\/wp\/v2\/types\/post"}],"author":[{"embeddable":true,"href":"https:\/\/catholiques17.fr\/saintes\/wp-json\/wp\/v2\/users\/1"}],"replies":[{"embeddable":true,"href":"https:\/\/catholiques17.fr\/saintes\/wp-json\/wp\/v2\/comments?post=4140"}],"version-history":[{"count":0,"href":"https:\/\/catholiques17.fr\/saintes\/wp-json\/wp\/v2\/posts\/4140\/revisions"}],"wp:attachment":[{"href":"https:\/\/catholiques17.fr\/saintes\/wp-json\/wp\/v2\/media?parent=4140"}],"wp:term":[{"taxonomy":"category","embeddable":true,"href":"https:\/\/catholiques17.fr\/saintes\/wp-json\/wp\/v2\/categories?post=4140"},{"taxonomy":"post_tag","embeddable":true,"href":"https:\/\/catholiques17.fr\/saintes\/wp-json\/wp\/v2\/tags?post=4140"}],"curies":[{"name":"wp","href":"https:\/\/api.w.org\/{rel}","templated":true}]}}