{"id":4101,"date":"2021-01-16T18:38:56","date_gmt":"2021-01-16T17:38:56","guid":{"rendered":"https:\/\/catholiques17.fr\/saintes\/?p=4101"},"modified":"2021-01-16T18:38:56","modified_gmt":"2021-01-16T17:38:56","slug":"voeux-du-pere-g-salin-jan-2021","status":"publish","type":"post","link":"https:\/\/catholiques17.fr\/saintes\/voeux-du-pere-g-salin-jan-2021\/","title":{"rendered":"V\u0153ux du P\u00e8re G. Salin (Jan 2021)"},"content":{"rendered":"\n<p>Chers fr\u00e8res et s\u0153urs, <\/p>\n\n\n\n<p>La belle coutume de pr\u00e9senter ses v\u0153ux en d\u00e9but de nouvelle ann\u00e9e rev\u00eat en ce temps particulier du coronavirus une \u00e9trange dimension. Les relations en famille sont modifi\u00e9es, parfois impossibles. La vie en paroisse s\u2019en trouve aussi affect\u00e9e depuis maintenant plusieurs mois. Quels v\u0153ux se pr\u00e9senter les uns aux autres ? Comme chr\u00e9tiens, nous sommes avec nos concitoyens dans ce monde, mais nous y sommes d\u2019une mani\u00e8re originale, car nous avons la conviction que c\u2019est le Christ qui nous a donn\u00e9 la mission de nous y tenir avec la force de son Esprit. Il est donc plus n\u00e9cessaire que jamais de cultiver en nous et les uns pour les autres la vertu de l\u2019esp\u00e9rance que nous avons re\u00e7ue au jour de notre bapt\u00eame. Ce n\u2019est pas qu\u2019un vague espoir que demain sera meilleur qu\u2019aujourd\u2019hui. C\u2019est l\u2019assurance qu\u2019au c\u0153ur de nos joies et de nos peines, des ombres et des lumi\u00e8res au travers desquelles nous traversons, se tient Celui qui est vainqueur de la mort et du p\u00e9ch\u00e9 et qu\u2019au Ciel il active notre marche vers le Royaume promis. Alors adressons-nous le v\u0153u de maintenir et de faire grandir en nous et en l\u2019autre la force de l\u2019esp\u00e9rance ! Ce qui fait notre force aussi, c\u2019est de pouvoir compter les uns sur les autres ; pas comme dans une simple association o\u00f9 nous aurions pay\u00e9 une cotisation, mais parce que, quoi qu\u2019il en co\u00fbte, nous sommes unis par un lien myst\u00e9rieux et parfaitement r\u00e9el : la gr\u00e2ce d\u2019\u00eatre enfants de Dieu. C\u2019est pour cela qu\u2019il faut rechercher sans cesse la communion entre nous. Ce n\u2019est pas une option, c\u2019est le c\u0153ur de notre vocation. Alors adressons-nous le v\u0153u de conserver et de faire fructifier le d\u00e9sir de la communion dont la source est dans notre Dieu P\u00e8re, Fils et Saint-Esprit ! Et dans notre chemin avec le Christ et avec nos fr\u00e8res, nous ne sommes pas seuls. Tous les saints et les anges qui chantent devant la face de Dieu forment avec nous cette immense communaut\u00e9 qui est l\u2019Eglise, celle du Ciel, celle de la terre et celle dont les membres se purifient dans le bain de la mis\u00e9ricorde divine. Les saints sont les innombrables facettes d\u2019un unique diamant qui est Dieu, le seul Saint. Notre saint patron, notre ange gardien accompagnent notre route. Osons les invoquer ! C\u2019est un don magnifique du Seigneur. En premier bien-s\u00fbr la Vierge Marie, enti\u00e8rement donn\u00e9e \u00e0 la volont\u00e9 b\u00e9n\u00e9fique de son Cr\u00e9ateur et Sauveur. Mais aussi saint Joseph. Le pape Fran\u00e7ois a plac\u00e9 toute notre ann\u00e9e sous la protection particuli\u00e8re de celui qui fut le gardien de la sainte famille. Homme juste, plein d\u2019audace, d\u2019attention et de bienveillance, celui dont nous n\u2019avons aucune parole, se tient aux c\u00f4t\u00e9s de J\u00e9sus, de Marie et de chacun de nous. Alors adressons-nous le v\u0153u de regarder vers les saints, que leur intercession soutienne notre foi, notre esp\u00e9rance et notre charit\u00e9 ! \u00d6 Vierge Marie, priez pour nous ! Saint Joseph, priez pour nous ! Saint Eutrope, priez pour nous ! Saints et saintes de Dieu, priez pour nous ! <\/p>\n\n\n\n<p><strong>Abb\u00e9 Guillaume SALIN <\/strong><\/p>\n","protected":false},"excerpt":{"rendered":"<p>Chers fr\u00e8res et s\u0153urs, La belle coutume de pr\u00e9senter ses v\u0153ux en d\u00e9but de nouvelle ann\u00e9e rev\u00eat en ce temps particulier du coronavirus une \u00e9trange dimension. Les relations en famille [&hellip;]<\/p>\n","protected":false},"author":1,"featured_media":0,"comment_status":"open","ping_status":"open","sticky":false,"template":"","format":"standard","meta":{"_et_pb_use_builder":"","_et_pb_old_content":"","_et_gb_content_width":"","footnotes":""},"categories":[1],"tags":[],"class_list":["post-4101","post","type-post","status-publish","format-standard","hentry","category-non-classe"],"_links":{"self":[{"href":"https:\/\/catholiques17.fr\/saintes\/wp-json\/wp\/v2\/posts\/4101","targetHints":{"allow":["GET"]}}],"collection":[{"href":"https:\/\/catholiques17.fr\/saintes\/wp-json\/wp\/v2\/posts"}],"about":[{"href":"https:\/\/catholiques17.fr\/saintes\/wp-json\/wp\/v2\/types\/post"}],"author":[{"embeddable":true,"href":"https:\/\/catholiques17.fr\/saintes\/wp-json\/wp\/v2\/users\/1"}],"replies":[{"embeddable":true,"href":"https:\/\/catholiques17.fr\/saintes\/wp-json\/wp\/v2\/comments?post=4101"}],"version-history":[{"count":0,"href":"https:\/\/catholiques17.fr\/saintes\/wp-json\/wp\/v2\/posts\/4101\/revisions"}],"wp:attachment":[{"href":"https:\/\/catholiques17.fr\/saintes\/wp-json\/wp\/v2\/media?parent=4101"}],"wp:term":[{"taxonomy":"category","embeddable":true,"href":"https:\/\/catholiques17.fr\/saintes\/wp-json\/wp\/v2\/categories?post=4101"},{"taxonomy":"post_tag","embeddable":true,"href":"https:\/\/catholiques17.fr\/saintes\/wp-json\/wp\/v2\/tags?post=4101"}],"curies":[{"name":"wp","href":"https:\/\/api.w.org\/{rel}","templated":true}]}}