{"id":4086,"date":"2021-01-12T09:18:40","date_gmt":"2021-01-12T08:18:40","guid":{"rendered":"https:\/\/catholiques17.fr\/saintes\/?p=4086"},"modified":"2021-03-24T09:34:00","modified_gmt":"2021-03-24T08:34:00","slug":"voeux-de-mgr-colomb-jan-2021","status":"publish","type":"post","link":"https:\/\/catholiques17.fr\/saintes\/voeux-de-mgr-colomb-jan-2021\/","title":{"rendered":"Voeux de Mgr Colomb (Jan 2021)"},"content":{"rendered":"[et_pb_section admin_label=\u00a0\u00bbsection\u00a0\u00bb]\n\t\t\t[et_pb_row admin_label=\u00a0\u00bbrow\u00a0\u00bb]\n\t\t\t\t[et_pb_column type=\u00a0\u00bb4_4&Prime;][et_pb_text admin_label=\u00a0\u00bbText\u00a0\u00bb]\n<p class=\"has-background has-pale-cyan-blue-background-color\"><strong>Les pr\u00eatres du dioc\u00e8se de La Rochelle ont donn\u00e9 \u201cle meilleur d\u2019eux-m\u00eames\u201d, a salu\u00e9 Mgr Colomb sur les ondes de RCF le 9 janvier 2021. Ils ont \u201cmultipli\u00e9\u201d les c\u00e9l\u00e9brations pour que les paroissiens puissent assister \u00e0 la messe de No\u00ebl, puisqu\u2019il fallait tenir compte de la jauge (un rang sur deux vide et deux chaises vides entre chaque personne). Il y a eu beaucoup plus de messes c\u00e9l\u00e9br\u00e9es qu\u2019habituellement.<\/strong><\/p>\n\n\n\n<p>Au menu de cet entretien : un conseil paternel \u00e0 n\u2019\u00eatre pas prisonniers du temps pr\u00e9sent et une invitation fraternelle \u00e0 la charit\u00e9, \u00e0 l\u2019ouverture aux autres et \u00e0 d\u00e9passer les oppositions et les clans.<\/p>\n\n\n\n<p>Retrouvez l\u2019interview de Mgr Colomb sur RCF :&nbsp;<a href=\"https:\/\/rcf.fr\/spiritualite\/voeux-de-bonne-annee-2021-annee-consacree-la-place-de-la-famille\">https:\/\/rcf.fr\/spiritualite\/voeux-de-bonne-annee-2021-annee-consacree-la-place-de-la-famille<\/a><\/p>\n\n\n\n<figure class=\"wp-block-image\"><img decoding=\"async\" src=\"https:\/\/catholiques17.fr\/wp-content\/uploads\/2021\/01\/D%C3%A9clinaisons-logos-pour-r%C3%A9seaux-sociaux.jpg\" alt=\"\" class=\"wp-image-17279\" \/><\/figure>\n[\/et_pb_text][\/et_pb_column]\n\t\t\t[\/et_pb_row]\n\t\t[\/et_pb_section]","protected":false},"excerpt":{"rendered":"<p>Les pr\u00eatres du dioc\u00e8se de La Rochelle ont donn\u00e9 \u201cle meilleur d\u2019eux-m\u00eames\u201d, a salu\u00e9 Mgr Colomb sur les ondes de RCF le 9 janvier 2021. Ils ont \u201cmultipli\u00e9\u201d les c\u00e9l\u00e9brations [&hellip;]<\/p>\n","protected":false},"author":6,"featured_media":1826,"comment_status":"open","ping_status":"open","sticky":false,"template":"","format":"standard","meta":{"_et_pb_use_builder":"on","_et_pb_old_content":"<!-- wp:paragraph {\"backgroundColor\":\"pale-cyan-blue\"} -->\n<p class=\"has-background has-pale-cyan-blue-background-color\"><strong>Les pr\u00eatres du dioc\u00e8se de La Rochelle ont donn\u00e9 \u201cle meilleur d\u2019eux-m\u00eames\u201d, a salu\u00e9 Mgr Colomb sur les ondes de RCF le 9 janvier 2021. Ils ont \u201cmultipli\u00e9\u201d les c\u00e9l\u00e9brations pour que les paroissiens puissent assister \u00e0 la messe de No\u00ebl, puisqu\u2019il fallait tenir compte de la jauge (un rang sur deux vide et deux chaises vides entre chaque personne). Il y a eu beaucoup plus de messes c\u00e9l\u00e9br\u00e9es qu\u2019habituellement.<\/strong><\/p>\n<!-- \/wp:paragraph -->\n\n<!-- wp:paragraph -->\n<p>Au menu de cet entretien : un conseil paternel \u00e0 n\u2019\u00eatre pas prisonniers du temps pr\u00e9sent et une invitation fraternelle \u00e0 la charit\u00e9, \u00e0 l\u2019ouverture aux autres et \u00e0 d\u00e9passer les oppositions et les clans.<\/p>\n<!-- \/wp:paragraph -->\n\n<!-- wp:paragraph -->\n<p>Retrouvez l\u2019interview de Mgr Colomb sur RCF :&nbsp;<a href=\"https:\/\/rcf.fr\/spiritualite\/voeux-de-bonne-annee-2021-annee-consacree-la-place-de-la-famille\">https:\/\/rcf.fr\/spiritualite\/voeux-de-bonne-annee-2021-annee-consacree-la-place-de-la-famille<\/a><\/p>\n<!-- \/wp:paragraph -->\n\n<!-- wp:image {\"id\":17279} -->\n<figure class=\"wp-block-image\"><img src=\"https:\/\/catholiques17.fr\/wp-content\/uploads\/2021\/01\/D%C3%A9clinaisons-logos-pour-r%C3%A9seaux-sociaux.jpg\" alt=\"\" class=\"wp-image-17279\" \/><\/figure>\n<!-- \/wp:image -->","_et_gb_content_width":"","footnotes":""},"categories":[6],"tags":[],"class_list":["post-4086","post","type-post","status-publish","format-standard","has-post-thumbnail","hentry","category-actualite"],"_links":{"self":[{"href":"https:\/\/catholiques17.fr\/saintes\/wp-json\/wp\/v2\/posts\/4086","targetHints":{"allow":["GET"]}}],"collection":[{"href":"https:\/\/catholiques17.fr\/saintes\/wp-json\/wp\/v2\/posts"}],"about":[{"href":"https:\/\/catholiques17.fr\/saintes\/wp-json\/wp\/v2\/types\/post"}],"author":[{"embeddable":true,"href":"https:\/\/catholiques17.fr\/saintes\/wp-json\/wp\/v2\/users\/6"}],"replies":[{"embeddable":true,"href":"https:\/\/catholiques17.fr\/saintes\/wp-json\/wp\/v2\/comments?post=4086"}],"version-history":[{"count":1,"href":"https:\/\/catholiques17.fr\/saintes\/wp-json\/wp\/v2\/posts\/4086\/revisions"}],"predecessor-version":[{"id":4441,"href":"https:\/\/catholiques17.fr\/saintes\/wp-json\/wp\/v2\/posts\/4086\/revisions\/4441"}],"wp:featuredmedia":[{"embeddable":true,"href":"https:\/\/catholiques17.fr\/saintes\/wp-json\/wp\/v2\/media\/1826"}],"wp:attachment":[{"href":"https:\/\/catholiques17.fr\/saintes\/wp-json\/wp\/v2\/media?parent=4086"}],"wp:term":[{"taxonomy":"category","embeddable":true,"href":"https:\/\/catholiques17.fr\/saintes\/wp-json\/wp\/v2\/categories?post=4086"},{"taxonomy":"post_tag","embeddable":true,"href":"https:\/\/catholiques17.fr\/saintes\/wp-json\/wp\/v2\/tags?post=4086"}],"curies":[{"name":"wp","href":"https:\/\/api.w.org\/{rel}","templated":true}]}}