{"id":3993,"date":"2020-12-04T10:58:13","date_gmt":"2020-12-04T09:58:13","guid":{"rendered":"https:\/\/catholiques17.fr\/saintes\/?p=3993"},"modified":"2020-12-04T10:58:13","modified_gmt":"2020-12-04T09:58:13","slug":"le-culte-pendant-le-confinement-dec-2020","status":"publish","type":"post","link":"https:\/\/catholiques17.fr\/saintes\/le-culte-pendant-le-confinement-dec-2020\/","title":{"rendered":"Le culte pendant le confinement (dec 2020)"},"content":{"rendered":"\n<p><a href=\"https:\/\/catholiques17.fr\/saintes\/wp-content\/uploads\/sites\/3\/2020\/12\/La-messe-est-plus-quun-simple-rassemblement.pdf\" target=\"_blank\" rel=\"noreferrer noopener\" aria-label=\"La messe est plus qu'un simple rassemblement (s\u2019ouvre dans un nouvel onglet)\">La messe est plus qu&rsquo;un simple rassemblement<\/a><\/p>\n\n\n\n<p>\u00c0 l\u2019origine de l\u2019un des nombreux r\u00e9f\u00e9r\u00e9s-libert\u00e9s d\u00e9pos\u00e9s au Conseil\nd\u2019\u00c9tat pour contester <\/p>\n\n\n\n<p>l\u2019interdiction de la Messe en pr\u00e9sence de fid\u00e8les, l\u2019\u00e9v\u00eaque de Bayonne,\nLescar et Oloron, <\/p>\n\n\n\n<p>Mgr Marc Aillet, revient sur l\u2019importance de cette d\u00e9marche.<\/p>\n\n\n\n<p><strong>Vous r\u00e9pondiez \u00e0\nla demande de vos fid\u00e8les\u2026 Que vous disaient-ils&nbsp;?<\/strong><\/p>\n\n\n\n<p><strong>Mgr Marc Aillet:<\/strong>&nbsp;J\u2019ai\nd\u00e9pos\u00e9 ce r\u00e9f\u00e9r\u00e9 avec l\u2019\u00e9v\u00eaque de Montauban, puis avec d\u2019autres, en tant\nqu\u2019\u00e9v\u00eaques dioc\u00e9sains et donc responsables du culte dans notre dioc\u00e8se, et donc\ndu bien spirituel de nos fid\u00e8les! Beaucoup ont \u00e9t\u00e9 boulevers\u00e9s par le premier\nconfinement, m\u00eame si satisfaits par les retransmissions virtuelles de ces\nmesses\u2026 \u00c7a a \u00e9t\u00e9 une tr\u00e8s belle aubaine, mais ils se sont lass\u00e9s. Les fid\u00e8les,\nc\u2019est vrai, ont \u00e9t\u00e9 tr\u00e8s attrist\u00e9s et r\u00e9volt\u00e9s que les \u00e9coles, les\nsupermarch\u00e9s, les transports en commun soient laiss\u00e9s ouverts, mais que la Messe\nleur soit interdite. C\u2019est donc de ma responsabilit\u00e9 de faire entendre ces voix\net c\u2019est ma mission de d\u00e9fendre le droit de mes fid\u00e8les \u00e0 vivre une pratique\nsacramentelle. Nous vivons dans un climat o\u00f9 il y a beaucoup d\u2019angoisse,\nnotamment \u00e0 cause de la menace islamiste qui vise les chr\u00e9tiens depuis Nice et\nSaint-\u00c9tienne-du-Rouvray. Nous avons besoin de lieux de recueillement comme les\n\u00e9glises.<\/p>\n\n\n\n<p><strong>En quoi le culte\ncatholique est-il diff\u00e9rent des autres pratiques religieuses&nbsp;?<\/strong><\/p>\n\n\n\n<p>Parce\nque le moyen privil\u00e9gi\u00e9 que J\u00e9sus a institu\u00e9 pour que Dieu rentre en relation\navec l\u2019homme, c\u2019est le myst\u00e8re et le sacrement de l\u2019eucharistie. C\u2019est unique.\nLes protestants, par exemple, peuvent prier chez eux sans probl\u00e8me, car la part\nsacramentelle a moins d\u2019importance. Pour rejoindre Dieu, le catholique passe\npar l\u2019Eucharistie, qui est la sainte humanit\u00e9 du Christ continu\u00e9e dans les\nEsp\u00e8ces eucharistiques et qui vont permettre au Corps de l\u2019\u00c9glise de se\nconstituer. La communaut\u00e9 eccl\u00e9siale est une continuation du Corps du Christ.<\/p>\n\n\n\n<p><strong>Il y a donc\nurgence, au-del\u00e0 de cette p\u00e9riode de confinement, \u00e0 d\u00e9fendre le sens de la Messe&nbsp;?<\/strong><\/p>\n\n\n\n<p>Si\nnous ne nous bougeons pas pour d\u00e9fendre l\u2019importance de la Messe, qui est de\nmoins en moins comprise par le gouvernement et l\u2019opinion publique, on va finir\npar avaliser l\u2019id\u00e9e que la Messe n\u2019est pas importante et des chr\u00e9tiens vont y\ncroire.<\/p>\n\n\n\n<p>Je\nsuis convaincu que pendant un certain temps, on a oppos\u00e9 l\u2019engagement social et\ncaritatif au culte, qu\u2019on a souvent compris de mani\u00e8re r\u00e9ductrice comme une\nr\u00e9alit\u00e9 ext\u00e9rieure. On a fini par penser que la Messe, ou la fid\u00e9lit\u00e9 \u00e0 la Messe\ndominicale dont on a d\u00e9nonc\u00e9 un certain pharisa\u00efsme, n\u2019\u00e9tait pas si importante\npar rapport \u00e0 la charit\u00e9. Il ne faut pas opposer les deux: la charit\u00e9 trouve sa\ns\u00e8ve dans la participation \u00e0 l\u2019eucharistie.<\/p>\n\n\n\n<p>La\nd\u00e9marche que nous faisons est une cat\u00e9ch\u00e8se: nous disons au monde et aux\ncatholiques que les \u00e9v\u00eaques d\u00e9fendent l\u2019Eucharistie non pas pour fanfaronner et\nmarquer leur diff\u00e9rence, mais parce qu\u2019il s\u2019agit l\u00e0 du sommet et de la source\nde la vie chr\u00e9tienne et qu\u2019il faut red\u00e9couvrir son importance.<\/p>\n","protected":false},"excerpt":{"rendered":"<p>La messe est plus qu&rsquo;un simple rassemblement \u00c0 l\u2019origine de l\u2019un des nombreux r\u00e9f\u00e9r\u00e9s-libert\u00e9s d\u00e9pos\u00e9s au Conseil d\u2019\u00c9tat pour contester l\u2019interdiction de la Messe en pr\u00e9sence de fid\u00e8les, l\u2019\u00e9v\u00eaque de [&hellip;]<\/p>\n","protected":false},"author":1,"featured_media":0,"comment_status":"open","ping_status":"open","sticky":false,"template":"","format":"standard","meta":{"_et_pb_use_builder":"","_et_pb_old_content":"","_et_gb_content_width":"","footnotes":""},"categories":[1],"tags":[],"class_list":["post-3993","post","type-post","status-publish","format-standard","hentry","category-non-classe"],"_links":{"self":[{"href":"https:\/\/catholiques17.fr\/saintes\/wp-json\/wp\/v2\/posts\/3993","targetHints":{"allow":["GET"]}}],"collection":[{"href":"https:\/\/catholiques17.fr\/saintes\/wp-json\/wp\/v2\/posts"}],"about":[{"href":"https:\/\/catholiques17.fr\/saintes\/wp-json\/wp\/v2\/types\/post"}],"author":[{"embeddable":true,"href":"https:\/\/catholiques17.fr\/saintes\/wp-json\/wp\/v2\/users\/1"}],"replies":[{"embeddable":true,"href":"https:\/\/catholiques17.fr\/saintes\/wp-json\/wp\/v2\/comments?post=3993"}],"version-history":[{"count":0,"href":"https:\/\/catholiques17.fr\/saintes\/wp-json\/wp\/v2\/posts\/3993\/revisions"}],"wp:attachment":[{"href":"https:\/\/catholiques17.fr\/saintes\/wp-json\/wp\/v2\/media?parent=3993"}],"wp:term":[{"taxonomy":"category","embeddable":true,"href":"https:\/\/catholiques17.fr\/saintes\/wp-json\/wp\/v2\/categories?post=3993"},{"taxonomy":"post_tag","embeddable":true,"href":"https:\/\/catholiques17.fr\/saintes\/wp-json\/wp\/v2\/tags?post=3993"}],"curies":[{"name":"wp","href":"https:\/\/api.w.org\/{rel}","templated":true}]}}