{"id":3983,"date":"2020-12-02T11:11:33","date_gmt":"2020-12-02T10:11:33","guid":{"rendered":"https:\/\/catholiques17.fr\/saintes\/?p=3983"},"modified":"2020-12-02T11:11:33","modified_gmt":"2020-12-02T10:11:33","slug":"ouvroir-de-saint-vivien-dec-2020","status":"publish","type":"post","link":"https:\/\/catholiques17.fr\/saintes\/ouvroir-de-saint-vivien-dec-2020\/","title":{"rendered":"Ouvroir de Saint Vivien (dec 2020)"},"content":{"rendered":"\n<p>\n\nEn raison du covid, le march\u00e9 de No\u00ebl de l&rsquo;ouvroir Saint Vivien est annul\u00e9.<\/p>\n\n\n\n<p>En revanche,&nbsp;nous vous proposons de vous rendre au secr\u00e9tariat, aux heures d&rsquo;ouverture, o\u00f9 nous exposerons, \u00e0 compter d&rsquo;aujourd&rsquo;hui, 1er d\u00e9cembre, d\u00e9corations de No\u00ebl, cartes de v\u0153ux, confitures d&rsquo;orange&#8230;<\/p>\n\n\n\n<p>Si vous d\u00e9sirez d&rsquo;autres articles, linge brod\u00e9, petits sacs, layette&#8230; nous nous tenons \u00e0 votre disposition, tout le mois de d\u00e9cembre, en t\u00e9l\u00e9phonant au 05-46-93-00-02 ou 06-04-13-47-71<\/p>\n\n\n\n<p>Merci de nous faire bon accueil, sachant que tous les b\u00e9n\u00e9fices sont revers\u00e9s \u00e0 la paroisse.<\/p>\n\n\n\n<p>Nous vous attendons nombreux et nombreuses !<\/p>\n\n\n\n<p>Pour l&rsquo;ouvroir,<br>Jacqueline Lagache <\/p>\n\n\n\n<figure class=\"wp-block-image size-large\"><img loading=\"lazy\" decoding=\"async\" width=\"598\" height=\"800\" src=\"https:\/\/catholiques17.fr\/saintes\/wp-content\/uploads\/sites\/3\/2020\/12\/ouvroir.jpg\" alt=\"\" class=\"wp-image-3982\" srcset=\"https:\/\/catholiques17.fr\/saintes\/wp-content\/uploads\/sites\/3\/2020\/12\/ouvroir.jpg 598w, https:\/\/catholiques17.fr\/saintes\/wp-content\/uploads\/sites\/3\/2020\/12\/ouvroir-480x642.jpg 480w\" sizes=\"(min-width: 0px) and (max-width: 480px) 480px, (min-width: 481px) 598px, 100vw\" \/><\/figure>\n","protected":false},"excerpt":{"rendered":"<p>En raison du covid, le march\u00e9 de No\u00ebl de l&rsquo;ouvroir Saint Vivien est annul\u00e9. En revanche,&nbsp;nous vous proposons de vous rendre au secr\u00e9tariat, aux heures d&rsquo;ouverture, o\u00f9 nous exposerons, \u00e0 [&hellip;]<\/p>\n","protected":false},"author":1,"featured_media":0,"comment_status":"open","ping_status":"open","sticky":false,"template":"","format":"standard","meta":{"_et_pb_use_builder":"","_et_pb_old_content":"","_et_gb_content_width":"","footnotes":""},"categories":[1],"tags":[],"class_list":["post-3983","post","type-post","status-publish","format-standard","hentry","category-non-classe"],"_links":{"self":[{"href":"https:\/\/catholiques17.fr\/saintes\/wp-json\/wp\/v2\/posts\/3983","targetHints":{"allow":["GET"]}}],"collection":[{"href":"https:\/\/catholiques17.fr\/saintes\/wp-json\/wp\/v2\/posts"}],"about":[{"href":"https:\/\/catholiques17.fr\/saintes\/wp-json\/wp\/v2\/types\/post"}],"author":[{"embeddable":true,"href":"https:\/\/catholiques17.fr\/saintes\/wp-json\/wp\/v2\/users\/1"}],"replies":[{"embeddable":true,"href":"https:\/\/catholiques17.fr\/saintes\/wp-json\/wp\/v2\/comments?post=3983"}],"version-history":[{"count":0,"href":"https:\/\/catholiques17.fr\/saintes\/wp-json\/wp\/v2\/posts\/3983\/revisions"}],"wp:attachment":[{"href":"https:\/\/catholiques17.fr\/saintes\/wp-json\/wp\/v2\/media?parent=3983"}],"wp:term":[{"taxonomy":"category","embeddable":true,"href":"https:\/\/catholiques17.fr\/saintes\/wp-json\/wp\/v2\/categories?post=3983"},{"taxonomy":"post_tag","embeddable":true,"href":"https:\/\/catholiques17.fr\/saintes\/wp-json\/wp\/v2\/tags?post=3983"}],"curies":[{"name":"wp","href":"https:\/\/api.w.org\/{rel}","templated":true}]}}