{"id":3961,"date":"2020-12-08T08:00:00","date_gmt":"2020-12-08T07:00:00","guid":{"rendered":"https:\/\/catholiques17.fr\/saintes\/?p=3961"},"modified":"2020-12-08T08:00:00","modified_gmt":"2020-12-08T07:00:00","slug":"neuvaine-a-limmaculee-conception-8-dec-2020","status":"publish","type":"post","link":"https:\/\/catholiques17.fr\/saintes\/neuvaine-a-limmaculee-conception-8-dec-2020\/","title":{"rendered":"Neuvaine \u00e0 l&rsquo;Immacul\u00e9e Conception (8 Dec 2020)"},"content":{"rendered":"\n<p><a href=\"https:\/\/catholiques17.fr\/saintes\/wp-content\/uploads\/sites\/3\/2020\/11\/Neuvaine-a\u0300-lImmacule\u0301e-Conception.pdf\" target=\"_blank\" rel=\"noreferrer noopener\" aria-label=\"Chaque ann\u00e9e, l'Eglise nous invite \u00e0 nous pr\u00e9parer avec joie pour la grande solennit\u00e9 de l'Immacul\u00e9e Conception. (s\u2019ouvre dans un nouvel onglet)\">Chaque ann\u00e9e, l&rsquo;Eglise nous invite \u00e0 nous pr\u00e9parer avec joie pour la grande solennit\u00e9 de l&rsquo;Immacul\u00e9e Conception.<\/a><br><br>Neuf jours de pri\u00e8re pr\u00e9parent notre \u00e2me \u00e0 entrer dans cette journ\u00e9e de gr\u00e2ces.<\/p>\n","protected":false},"excerpt":{"rendered":"<p>Chaque ann\u00e9e, l&rsquo;Eglise nous invite \u00e0 nous pr\u00e9parer avec joie pour la grande solennit\u00e9 de l&rsquo;Immacul\u00e9e Conception. Neuf jours de pri\u00e8re pr\u00e9parent notre \u00e2me \u00e0 entrer dans cette journ\u00e9e de [&hellip;]<\/p>\n","protected":false},"author":1,"featured_media":3036,"comment_status":"open","ping_status":"open","sticky":false,"template":"","format":"standard","meta":{"_et_pb_use_builder":"","_et_pb_old_content":"","_et_gb_content_width":"","footnotes":""},"categories":[6],"tags":[],"class_list":["post-3961","post","type-post","status-publish","format-standard","has-post-thumbnail","hentry","category-actualite"],"_links":{"self":[{"href":"https:\/\/catholiques17.fr\/saintes\/wp-json\/wp\/v2\/posts\/3961","targetHints":{"allow":["GET"]}}],"collection":[{"href":"https:\/\/catholiques17.fr\/saintes\/wp-json\/wp\/v2\/posts"}],"about":[{"href":"https:\/\/catholiques17.fr\/saintes\/wp-json\/wp\/v2\/types\/post"}],"author":[{"embeddable":true,"href":"https:\/\/catholiques17.fr\/saintes\/wp-json\/wp\/v2\/users\/1"}],"replies":[{"embeddable":true,"href":"https:\/\/catholiques17.fr\/saintes\/wp-json\/wp\/v2\/comments?post=3961"}],"version-history":[{"count":0,"href":"https:\/\/catholiques17.fr\/saintes\/wp-json\/wp\/v2\/posts\/3961\/revisions"}],"wp:featuredmedia":[{"embeddable":true,"href":"https:\/\/catholiques17.fr\/saintes\/wp-json\/wp\/v2\/media\/3036"}],"wp:attachment":[{"href":"https:\/\/catholiques17.fr\/saintes\/wp-json\/wp\/v2\/media?parent=3961"}],"wp:term":[{"taxonomy":"category","embeddable":true,"href":"https:\/\/catholiques17.fr\/saintes\/wp-json\/wp\/v2\/categories?post=3961"},{"taxonomy":"post_tag","embeddable":true,"href":"https:\/\/catholiques17.fr\/saintes\/wp-json\/wp\/v2\/tags?post=3961"}],"curies":[{"name":"wp","href":"https:\/\/api.w.org\/{rel}","templated":true}]}}