{"id":3907,"date":"2020-11-22T14:25:00","date_gmt":"2020-11-22T13:25:00","guid":{"rendered":"https:\/\/catholiques17.fr\/saintes\/?p=3907"},"modified":"2020-11-22T14:25:00","modified_gmt":"2020-11-22T13:25:00","slug":"fete-du-christ-roi","status":"publish","type":"post","link":"https:\/\/catholiques17.fr\/saintes\/fete-du-christ-roi\/","title":{"rendered":"F\u00eate du Christ Roi (22 Nov 2020)"},"content":{"rendered":"\n<p class=\"has-text-color has-background has-very-dark-gray-color has-pale-cyan-blue-background-color\"><strong>Abbaye aux Dames<\/strong><\/p>\n\n\n\n<p>Ce Dimanche 22 Novembre, nous f\u00eatons le Christ-Roi de l\u2019Univers, dernier dimanche de l\u2019Ann\u00e9e liturgique, sorte de couronne de gloire avant d\u2019entrer dans le Temps de l\u2019Avent. <\/p>\n\n\n\n<p>Vous le savez, nous ne pouvons pas c\u00e9l\u00e9brer publiquement la messe. Mais comme catholiques, sachons entrer dans les \u00e9glises, lieux consacr\u00e9s au Seigneur&nbsp;! Venons nous tenir en Sa pr\u00e9sence !<\/p>\n\n\n\n<p><strong>A l&rsquo;abbaye<\/strong> <strong>aux Dames<\/strong>, ce dimanche, les diff\u00e9rents chapelets du Rosaire seront pri\u00e9s au cours de la journ\u00e9e. <\/p>\n\n\n\n<p>Il sera possible de recevoir le corps du Christ <strong>en fin de matin\u00e9e<\/strong> et\/ou <strong>dans l\u2019apr\u00e8s-midi<\/strong> lors de l\u2019exposition du saint-sacrement <strong>de 14h30 \u00e0 17h30<\/strong>. Un pr\u00eatre se tient pr\u00e9sent pour le <strong>sacrement de r\u00e9conciliation<\/strong> jusqu&rsquo;\u00e0 la b\u00e9n\u00e9diction en fin de journ\u00e9e. <\/p>\n\n\n\n<p>L\u2019Eglise est ouverte. Ne manquons pas le rendez-vous avec Dieu et continuons de prier pour que le plus vite possible nous ayons la possibilit\u00e9 de nous rassembler pour l\u2019Eucharistie, source et sommet de notre foi, dans notre paroisse avec nos fr\u00e8res et s\u0153urs. <\/p>\n\n\n\n<p class=\"has-background has-pale-cyan-blue-background-color\"><strong>Saint Vivien<\/strong><\/p>\n\n\n\n<figure class=\"wp-block-image size-large\"><img loading=\"lazy\" decoding=\"async\" width=\"465\" height=\"616\" src=\"https:\/\/catholiques17.fr\/saintes\/wp-content\/uploads\/sites\/3\/2020\/11\/Adoration-St-Vivien-dimanche-22-novembre-Jesus-roi-de-lUnivers.jpg\" alt=\"\" class=\"wp-image-3899\" srcset=\"https:\/\/catholiques17.fr\/saintes\/wp-content\/uploads\/sites\/3\/2020\/11\/Adoration-St-Vivien-dimanche-22-novembre-Jesus-roi-de-lUnivers.jpg 465w, https:\/\/catholiques17.fr\/saintes\/wp-content\/uploads\/sites\/3\/2020\/11\/Adoration-St-Vivien-dimanche-22-novembre-Jesus-roi-de-lUnivers-226x300.jpg 226w\" sizes=\"(max-width: 465px) 100vw, 465px\" \/><\/figure>\n","protected":false},"excerpt":{"rendered":"<p>Abbaye aux Dames Ce Dimanche 22 Novembre, nous f\u00eatons le Christ-Roi de l\u2019Univers, dernier dimanche de l\u2019Ann\u00e9e liturgique, sorte de couronne de gloire avant d\u2019entrer dans le Temps de l\u2019Avent. [&hellip;]<\/p>\n","protected":false},"author":6,"featured_media":3911,"comment_status":"open","ping_status":"open","sticky":true,"template":"","format":"standard","meta":{"_et_pb_use_builder":"","_et_pb_old_content":"","_et_gb_content_width":"","footnotes":""},"categories":[1],"tags":[],"class_list":["post-3907","post","type-post","status-publish","format-standard","has-post-thumbnail","hentry","category-non-classe"],"_links":{"self":[{"href":"https:\/\/catholiques17.fr\/saintes\/wp-json\/wp\/v2\/posts\/3907","targetHints":{"allow":["GET"]}}],"collection":[{"href":"https:\/\/catholiques17.fr\/saintes\/wp-json\/wp\/v2\/posts"}],"about":[{"href":"https:\/\/catholiques17.fr\/saintes\/wp-json\/wp\/v2\/types\/post"}],"author":[{"embeddable":true,"href":"https:\/\/catholiques17.fr\/saintes\/wp-json\/wp\/v2\/users\/6"}],"replies":[{"embeddable":true,"href":"https:\/\/catholiques17.fr\/saintes\/wp-json\/wp\/v2\/comments?post=3907"}],"version-history":[{"count":0,"href":"https:\/\/catholiques17.fr\/saintes\/wp-json\/wp\/v2\/posts\/3907\/revisions"}],"wp:featuredmedia":[{"embeddable":true,"href":"https:\/\/catholiques17.fr\/saintes\/wp-json\/wp\/v2\/media\/3911"}],"wp:attachment":[{"href":"https:\/\/catholiques17.fr\/saintes\/wp-json\/wp\/v2\/media?parent=3907"}],"wp:term":[{"taxonomy":"category","embeddable":true,"href":"https:\/\/catholiques17.fr\/saintes\/wp-json\/wp\/v2\/categories?post=3907"},{"taxonomy":"post_tag","embeddable":true,"href":"https:\/\/catholiques17.fr\/saintes\/wp-json\/wp\/v2\/tags?post=3907"}],"curies":[{"name":"wp","href":"https:\/\/api.w.org\/{rel}","templated":true}]}}