{"id":3811,"date":"2020-11-04T21:32:49","date_gmt":"2020-11-04T20:32:49","guid":{"rendered":"https:\/\/catholiques17.fr\/saintes\/?p=3811"},"modified":"2020-11-04T21:32:49","modified_gmt":"2020-11-04T20:32:49","slug":"adoration-eucharistique","status":"publish","type":"post","link":"https:\/\/catholiques17.fr\/saintes\/adoration-eucharistique\/","title":{"rendered":"Adoration Eucharistique en confinement (Nov 2020)"},"content":{"rendered":"\n<p class=\"has-background has-pale-cyan-blue-background-color\"><strong>Dans les \u00e9glises St Pallais et St Vivien, du lundi au vendredi, de 17h \u00e0 18h <\/strong>: exposition de l&rsquo;ostensoir avec pr\u00e9sence de <strong>J\u00e9sus-Hostie<\/strong> !  <\/p>\n\n\n\n<p>Lors d&rsquo;une sortie quotidienne, en respectant les consignes gouvernementales, vous pouvez prendre un temps aupr\u00e8s de <strong>Lui<\/strong> et d\u00e9poser vos intentions ! <\/p>\n\n\n\n<p>A Saint Pallais, le P\u00e8re Salin sera aussi disponible pour le sacrement de r\u00e9conciliation. Tout ceci, en respectant strictement les conditions sanitaires de distanciation et les gestes barri\u00e8res.<\/p>\n\n\n\n<p style=\"background-color:#f5f847\" class=\"has-background\">DIMANCHE &#8211; \u00e9glise St Pallais &#8211; 17h \u00e0 18h &#8211; Adoration et louanges eucharistiques avec invocation des saints. <br><strong>Attention !  Dimanche 22 nov. &#8211; CHRIST ROI &#8211;  Journ\u00e9e de pri\u00e8re \u00e0 l&rsquo;ABBAYE (cf onglet sp\u00e9cifique)<\/strong><\/p>\n","protected":false},"excerpt":{"rendered":"<p>Dans les \u00e9glises St Pallais et St Vivien, du lundi au vendredi, de 17h \u00e0 18h : exposition de l&rsquo;ostensoir avec pr\u00e9sence de J\u00e9sus-Hostie ! Lors d&rsquo;une sortie quotidienne, en [&hellip;]<\/p>\n","protected":false},"author":6,"featured_media":3812,"comment_status":"open","ping_status":"open","sticky":true,"template":"","format":"standard","meta":{"_et_pb_use_builder":"","_et_pb_old_content":"","_et_gb_content_width":"","footnotes":""},"categories":[1],"tags":[],"class_list":["post-3811","post","type-post","status-publish","format-standard","has-post-thumbnail","hentry","category-non-classe"],"_links":{"self":[{"href":"https:\/\/catholiques17.fr\/saintes\/wp-json\/wp\/v2\/posts\/3811","targetHints":{"allow":["GET"]}}],"collection":[{"href":"https:\/\/catholiques17.fr\/saintes\/wp-json\/wp\/v2\/posts"}],"about":[{"href":"https:\/\/catholiques17.fr\/saintes\/wp-json\/wp\/v2\/types\/post"}],"author":[{"embeddable":true,"href":"https:\/\/catholiques17.fr\/saintes\/wp-json\/wp\/v2\/users\/6"}],"replies":[{"embeddable":true,"href":"https:\/\/catholiques17.fr\/saintes\/wp-json\/wp\/v2\/comments?post=3811"}],"version-history":[{"count":0,"href":"https:\/\/catholiques17.fr\/saintes\/wp-json\/wp\/v2\/posts\/3811\/revisions"}],"wp:featuredmedia":[{"embeddable":true,"href":"https:\/\/catholiques17.fr\/saintes\/wp-json\/wp\/v2\/media\/3812"}],"wp:attachment":[{"href":"https:\/\/catholiques17.fr\/saintes\/wp-json\/wp\/v2\/media?parent=3811"}],"wp:term":[{"taxonomy":"category","embeddable":true,"href":"https:\/\/catholiques17.fr\/saintes\/wp-json\/wp\/v2\/categories?post=3811"},{"taxonomy":"post_tag","embeddable":true,"href":"https:\/\/catholiques17.fr\/saintes\/wp-json\/wp\/v2\/tags?post=3811"}],"curies":[{"name":"wp","href":"https:\/\/api.w.org\/{rel}","templated":true}]}}