{"id":3608,"date":"2020-09-24T12:14:58","date_gmt":"2020-09-24T10:14:58","guid":{"rendered":"https:\/\/catholiques17.fr\/saintes\/?p=3608"},"modified":"2020-09-24T12:14:58","modified_gmt":"2020-09-24T10:14:58","slug":"pelerinage-nd-de-recouvrance-10-oct-2020","status":"publish","type":"post","link":"https:\/\/catholiques17.fr\/saintes\/pelerinage-nd-de-recouvrance-10-oct-2020\/","title":{"rendered":"P\u00e8lerinage ND de Recouvrance (10 Oct 2020) &#8211; ANNULE"},"content":{"rendered":"\n<p class=\"has-text-color has-vivid-red-color\"><strong>En raison de la reprise de l&rsquo;\u00e9pid\u00e9mie et des r\u00e9centes pr\u00e9cipitations ayant rendu une partie de l&rsquo;itin\u00e9raire impraticable, le p\u00e8lerinage doit malheureusement \u00eatre annul\u00e9.<\/strong><\/p>\n\n\n\n<figure class=\"wp-block-image size-large\"><img decoding=\"async\" src=\"https:\/\/catholiques17.fr\/saintes\/wp-content\/uploads\/sites\/3\/2020\/09\/image-2.png\" alt=\"\" class=\"wp-image-3611\" \/><\/figure>\n","protected":false},"excerpt":{"rendered":"<p>En raison de la reprise de l&rsquo;\u00e9pid\u00e9mie et des r\u00e9centes pr\u00e9cipitations ayant rendu une partie de l&rsquo;itin\u00e9raire impraticable, le p\u00e8lerinage doit malheureusement \u00eatre annul\u00e9.<\/p>\n","protected":false},"author":6,"featured_media":3612,"comment_status":"open","ping_status":"open","sticky":false,"template":"","format":"standard","meta":{"_et_pb_use_builder":"","_et_pb_old_content":"","_et_gb_content_width":"","footnotes":""},"categories":[6],"tags":[],"class_list":["post-3608","post","type-post","status-publish","format-standard","has-post-thumbnail","hentry","category-actualite"],"_links":{"self":[{"href":"https:\/\/catholiques17.fr\/saintes\/wp-json\/wp\/v2\/posts\/3608","targetHints":{"allow":["GET"]}}],"collection":[{"href":"https:\/\/catholiques17.fr\/saintes\/wp-json\/wp\/v2\/posts"}],"about":[{"href":"https:\/\/catholiques17.fr\/saintes\/wp-json\/wp\/v2\/types\/post"}],"author":[{"embeddable":true,"href":"https:\/\/catholiques17.fr\/saintes\/wp-json\/wp\/v2\/users\/6"}],"replies":[{"embeddable":true,"href":"https:\/\/catholiques17.fr\/saintes\/wp-json\/wp\/v2\/comments?post=3608"}],"version-history":[{"count":0,"href":"https:\/\/catholiques17.fr\/saintes\/wp-json\/wp\/v2\/posts\/3608\/revisions"}],"wp:featuredmedia":[{"embeddable":true,"href":"https:\/\/catholiques17.fr\/saintes\/wp-json\/wp\/v2\/media\/3612"}],"wp:attachment":[{"href":"https:\/\/catholiques17.fr\/saintes\/wp-json\/wp\/v2\/media?parent=3608"}],"wp:term":[{"taxonomy":"category","embeddable":true,"href":"https:\/\/catholiques17.fr\/saintes\/wp-json\/wp\/v2\/categories?post=3608"},{"taxonomy":"post_tag","embeddable":true,"href":"https:\/\/catholiques17.fr\/saintes\/wp-json\/wp\/v2\/tags?post=3608"}],"curies":[{"name":"wp","href":"https:\/\/api.w.org\/{rel}","templated":true}]}}