{"id":3495,"date":"2020-09-07T19:22:31","date_gmt":"2020-09-07T17:22:31","guid":{"rendered":"https:\/\/catholiques17.fr\/saintes\/?p=3495"},"modified":"2020-09-07T19:22:31","modified_gmt":"2020-09-07T17:22:31","slug":"rentree-de-laumonerie-11-septembre-2020","status":"publish","type":"post","link":"https:\/\/catholiques17.fr\/saintes\/rentree-de-laumonerie-11-septembre-2020\/","title":{"rendered":"Rentr\u00e9e de l&rsquo;Aum\u00f4nerie (11 Septembre 2020)"},"content":{"rendered":"\n<p> En vue de lancer cette nouvelle ann\u00e9e, nous vous donnons rendez-vous en famille et avec vos amis (m\u00eame s&rsquo;ils ne sont pas de l&rsquo;aum\u00f4nerie ou qu&rsquo;ils h\u00e9sitent&#8230;) : <strong>vendredi 11 septembre \u00e0 18h \u00e0 la cath\u00e9drale de Saintes.<\/strong>nous aurons la&nbsp;<strong>messe de rentr\u00e9e<\/strong>&nbsp;qui sera exceptionnelle cette ann\u00e9e: Mgr Colomb sera l\u00e0 et&nbsp;<strong>consacrera le nouvel autel de l&rsquo;aum\u00f4nerie<\/strong>. C&rsquo;est une c\u00e9l\u00e9bration&nbsp;<strong>rare et tr\u00e8s belle.&nbsp;<\/strong><\/p>\n\n\n\n<p><br>Apr\u00e8s la messe, nous nous retrouverons \u00e0 l&rsquo;aum\u00f4nerie afin de d\u00e9couvrir le nouvel oratoire et les nouveaux am\u00e9nagements auxquels plusieurs d&rsquo;entre vous ont particip\u00e9&nbsp;\ud83d\ude09!<\/p>\n\n\n\n<p><br><strong>Nous aurons l\u00e0 un temps convivial autour d&rsquo;un repas tir\u00e9 du sac<\/strong>. Ce sera aussi&nbsp;<strong>l&rsquo;occasion de vous inscrire<\/strong>&nbsp;(cotisation 35\u20ac\/pers. tarif d\u00e9gressif&nbsp;pour les fratries) pour cette nouvelle et merveilleuse ann\u00e9e!&nbsp;<\/p>\n\n\n\n<p>Merci aux jeunes qui voudraient bien animer\/servir la messe ou encore donner un coup de main de se manifester soit par mail, soit par t\u00e9l\u00e9phone!\ud83d\ude0a\n\n<\/p>\n","protected":false},"excerpt":{"rendered":"<p>En vue de lancer cette nouvelle ann\u00e9e, nous vous donnons rendez-vous en famille et avec vos amis (m\u00eame s&rsquo;ils ne sont pas de l&rsquo;aum\u00f4nerie ou qu&rsquo;ils h\u00e9sitent&#8230;) : vendredi 11 [&hellip;]<\/p>\n","protected":false},"author":6,"featured_media":3496,"comment_status":"open","ping_status":"open","sticky":true,"template":"","format":"standard","meta":{"_et_pb_use_builder":"","_et_pb_old_content":"","_et_gb_content_width":"","footnotes":""},"categories":[1],"tags":[],"class_list":["post-3495","post","type-post","status-publish","format-standard","has-post-thumbnail","hentry","category-non-classe"],"_links":{"self":[{"href":"https:\/\/catholiques17.fr\/saintes\/wp-json\/wp\/v2\/posts\/3495","targetHints":{"allow":["GET"]}}],"collection":[{"href":"https:\/\/catholiques17.fr\/saintes\/wp-json\/wp\/v2\/posts"}],"about":[{"href":"https:\/\/catholiques17.fr\/saintes\/wp-json\/wp\/v2\/types\/post"}],"author":[{"embeddable":true,"href":"https:\/\/catholiques17.fr\/saintes\/wp-json\/wp\/v2\/users\/6"}],"replies":[{"embeddable":true,"href":"https:\/\/catholiques17.fr\/saintes\/wp-json\/wp\/v2\/comments?post=3495"}],"version-history":[{"count":0,"href":"https:\/\/catholiques17.fr\/saintes\/wp-json\/wp\/v2\/posts\/3495\/revisions"}],"wp:featuredmedia":[{"embeddable":true,"href":"https:\/\/catholiques17.fr\/saintes\/wp-json\/wp\/v2\/media\/3496"}],"wp:attachment":[{"href":"https:\/\/catholiques17.fr\/saintes\/wp-json\/wp\/v2\/media?parent=3495"}],"wp:term":[{"taxonomy":"category","embeddable":true,"href":"https:\/\/catholiques17.fr\/saintes\/wp-json\/wp\/v2\/categories?post=3495"},{"taxonomy":"post_tag","embeddable":true,"href":"https:\/\/catholiques17.fr\/saintes\/wp-json\/wp\/v2\/tags?post=3495"}],"curies":[{"name":"wp","href":"https:\/\/api.w.org\/{rel}","templated":true}]}}