{"id":3483,"date":"2020-09-06T17:56:30","date_gmt":"2020-09-06T15:56:30","guid":{"rendered":"https:\/\/catholiques17.fr\/saintes\/?p=3483"},"modified":"2020-09-06T17:56:30","modified_gmt":"2020-09-06T15:56:30","slug":"rentree-des-paroisses-cathedrale-dim-20-sept","status":"publish","type":"post","link":"https:\/\/catholiques17.fr\/saintes\/rentree-des-paroisses-cathedrale-dim-20-sept\/","title":{"rendered":"Rentr\u00e9e des paroisses (20 Septembre 2020)"},"content":{"rendered":"\n<p><strong>11 h MESSE unique de rentr\u00e9e pour la ville.<\/strong><br>&#8211; DANS LE CLO\u00ceTRE:<br>     &#8211; ap\u00e9ritif (offert par paroisses) <br>     &#8211; Repas partag\u00e9 (apport\u00e9 par chacun)<br>     &#8211; Pr\u00e9sentation par stands des diff\u00e9rents services d&rsquo;Eglise.<\/p>\n\n\n\n<p><a href=\"https:\/\/catholiques17.fr\/saintes\/wp-content\/uploads\/sites\/3\/2020\/09\/affiche-catechisme2-scaled-1.jpg\" target=\"_blank\" rel=\"noreferrer noopener\" aria-label=\"INSCRIPTIONS au cath\u00e9chisme (s\u2019ouvre dans un nouvel onglet)\">INSCRIPTIONS au cath\u00e9chisme<\/a> jusqu&rsquo;\u00e0 16h dans le clo\u00eetre.<\/p>\n","protected":false},"excerpt":{"rendered":"<p>11 h MESSE unique de rentr\u00e9e pour la ville.&#8211; DANS LE CLO\u00ceTRE: &#8211; ap\u00e9ritif (offert par paroisses) &#8211; Repas partag\u00e9 (apport\u00e9 par chacun) &#8211; Pr\u00e9sentation par stands des diff\u00e9rents services [&hellip;]<\/p>\n","protected":false},"author":6,"featured_media":3485,"comment_status":"open","ping_status":"open","sticky":false,"template":"","format":"standard","meta":{"_et_pb_use_builder":"","_et_pb_old_content":"","_et_gb_content_width":"","footnotes":""},"categories":[1],"tags":[],"class_list":["post-3483","post","type-post","status-publish","format-standard","has-post-thumbnail","hentry","category-non-classe"],"_links":{"self":[{"href":"https:\/\/catholiques17.fr\/saintes\/wp-json\/wp\/v2\/posts\/3483","targetHints":{"allow":["GET"]}}],"collection":[{"href":"https:\/\/catholiques17.fr\/saintes\/wp-json\/wp\/v2\/posts"}],"about":[{"href":"https:\/\/catholiques17.fr\/saintes\/wp-json\/wp\/v2\/types\/post"}],"author":[{"embeddable":true,"href":"https:\/\/catholiques17.fr\/saintes\/wp-json\/wp\/v2\/users\/6"}],"replies":[{"embeddable":true,"href":"https:\/\/catholiques17.fr\/saintes\/wp-json\/wp\/v2\/comments?post=3483"}],"version-history":[{"count":0,"href":"https:\/\/catholiques17.fr\/saintes\/wp-json\/wp\/v2\/posts\/3483\/revisions"}],"wp:featuredmedia":[{"embeddable":true,"href":"https:\/\/catholiques17.fr\/saintes\/wp-json\/wp\/v2\/media\/3485"}],"wp:attachment":[{"href":"https:\/\/catholiques17.fr\/saintes\/wp-json\/wp\/v2\/media?parent=3483"}],"wp:term":[{"taxonomy":"category","embeddable":true,"href":"https:\/\/catholiques17.fr\/saintes\/wp-json\/wp\/v2\/categories?post=3483"},{"taxonomy":"post_tag","embeddable":true,"href":"https:\/\/catholiques17.fr\/saintes\/wp-json\/wp\/v2\/tags?post=3483"}],"curies":[{"name":"wp","href":"https:\/\/api.w.org\/{rel}","templated":true}]}}