{"id":3341,"date":"2020-07-21T16:58:25","date_gmt":"2020-07-21T14:58:25","guid":{"rendered":"https:\/\/catholiques17.fr\/saintes\/?p=3341"},"modified":"2020-07-21T16:58:25","modified_gmt":"2020-07-21T14:58:25","slug":"soiree-louange-adoration-reconciliation-vend-24-juillet","status":"publish","type":"post","link":"https:\/\/catholiques17.fr\/saintes\/soiree-louange-adoration-reconciliation-vend-24-juillet\/","title":{"rendered":"Soir\u00e9e de louange et d&rsquo;adoration avec Palavra Viva (24 juillet 2020)"},"content":{"rendered":"\n<p>\n\nSoir\u00e9e Palavra Viva<\/p>\n\n\n\n<p>La jeune communaut\u00e9 <em>Palavra Viva<\/em> est accueillie dans notre dioc\u00e8se depuis  l&rsquo;ann\u00e9e derni\u00e8re. Elle vous invite \u00e0 une soir\u00e9e de louange et d&rsquo;adoration, le vendredi 24 juillet \u00e0 20h \u00e0 Saintes (Eglise Saint-Pallais).<\/p>\n\n\n\n<p>Communaut\u00e9 catholique <em>Palavra Viva<\/em><br>Port. 07 81 53 37 41<br>Site :&nbsp;<a rel=\"noreferrer noopener\" href=\"http:\/\/palavraviva.com\/?fbclid=IwAR3mNeb7WNrus24dvZexHMBh1D8JEbH4f07Q90iI_4Eojp2ne_2wg0nGBzk\" target=\"_blank\">palavraviva.com<\/a><\/p>\n\n\n\n<figure class=\"wp-block-image size-full is-style-default\"><img loading=\"lazy\" decoding=\"async\" width=\"618\" height=\"800\" src=\"https:\/\/catholiques17.fr\/saintes\/wp-content\/uploads\/sites\/3\/2020\/07\/te-spi-eglise-saint-pallais-page-001.jpg\" alt=\"\" class=\"wp-image-3339\" \/><\/figure>\n\n\n\n<p><\/p>\n","protected":false},"excerpt":{"rendered":"<p>Soir\u00e9e Palavra Viva La jeune communaut\u00e9 Palavra Viva est accueillie dans notre dioc\u00e8se depuis l&rsquo;ann\u00e9e derni\u00e8re. Elle vous invite \u00e0 une soir\u00e9e de louange et d&rsquo;adoration, le vendredi 24 juillet [&hellip;]<\/p>\n","protected":false},"author":6,"featured_media":3357,"comment_status":"open","ping_status":"open","sticky":true,"template":"","format":"standard","meta":{"_et_pb_use_builder":"","_et_pb_old_content":"","_et_gb_content_width":"","footnotes":""},"categories":[1],"tags":[],"class_list":["post-3341","post","type-post","status-publish","format-standard","has-post-thumbnail","hentry","category-non-classe"],"_links":{"self":[{"href":"https:\/\/catholiques17.fr\/saintes\/wp-json\/wp\/v2\/posts\/3341","targetHints":{"allow":["GET"]}}],"collection":[{"href":"https:\/\/catholiques17.fr\/saintes\/wp-json\/wp\/v2\/posts"}],"about":[{"href":"https:\/\/catholiques17.fr\/saintes\/wp-json\/wp\/v2\/types\/post"}],"author":[{"embeddable":true,"href":"https:\/\/catholiques17.fr\/saintes\/wp-json\/wp\/v2\/users\/6"}],"replies":[{"embeddable":true,"href":"https:\/\/catholiques17.fr\/saintes\/wp-json\/wp\/v2\/comments?post=3341"}],"version-history":[{"count":0,"href":"https:\/\/catholiques17.fr\/saintes\/wp-json\/wp\/v2\/posts\/3341\/revisions"}],"wp:featuredmedia":[{"embeddable":true,"href":"https:\/\/catholiques17.fr\/saintes\/wp-json\/wp\/v2\/media\/3357"}],"wp:attachment":[{"href":"https:\/\/catholiques17.fr\/saintes\/wp-json\/wp\/v2\/media?parent=3341"}],"wp:term":[{"taxonomy":"category","embeddable":true,"href":"https:\/\/catholiques17.fr\/saintes\/wp-json\/wp\/v2\/categories?post=3341"},{"taxonomy":"post_tag","embeddable":true,"href":"https:\/\/catholiques17.fr\/saintes\/wp-json\/wp\/v2\/tags?post=3341"}],"curies":[{"name":"wp","href":"https:\/\/api.w.org\/{rel}","templated":true}]}}