{"id":3297,"date":"2020-06-29T21:36:33","date_gmt":"2020-06-29T19:36:33","guid":{"rendered":"https:\/\/catholiques17.fr\/saintes\/?p=3297"},"modified":"2020-06-29T21:36:33","modified_gmt":"2020-06-29T19:36:33","slug":"frere-jean-eudes-seigneur-tu-mas-seduit-et-je-me-suis-laisse-seduire","status":"publish","type":"post","link":"https:\/\/catholiques17.fr\/saintes\/frere-jean-eudes-seigneur-tu-mas-seduit-et-je-me-suis-laisse-seduire\/","title":{"rendered":"Fr\u00e8re Jean-Eudes &#8211; \u00ab\u00a0Seigneur, tu m&rsquo;as s\u00e9duit et je me suis laiss\u00e9 s\u00e9duire\u00a0\u00bb"},"content":{"rendered":"\n<p><em><strong>Jean<\/strong><\/em><strong><em>-Eudes&nbsp;Blandin de Chalain a \u00e9t\u00e9 ordonn\u00e9 pr\u00eatre par Mgr Georges Colomb<\/em><\/strong> <strong><em>le 27 juin 2020 \u00e0 Saintes<\/em><\/strong>.<\/p>\n\n\n\n<p>Natif de La Rochelle, il s&rsquo;engage \u00e0 18 ans \u00e0 la Brigade des Sapeurs Pompiers de Paris. Trois ans apr\u00e8s, Jean-Eudes change radicalement de chemin et entre au s\u00e9minaire pour rejoindre une communaut\u00e9 en fondation : Les Ap\u00f4tres de la Vie. Il est incardin\u00e9 dans le dioc\u00e8se de La Rochelle et Saintes.<\/p>\n\n\n\n<p>Dans l\u2019action de gr\u00e2ce, nous confions Jean-Eudes et tous les futurs pr\u00eatres \u00e0 la mis\u00e9ricorde de Dieu et \u00e0 la protection de la Vierge Marie, et notamment <a href=\"https:\/\/catholiques17.fr\/ordinations-sacerdotales\/brice-degbey-fais-de-moi-un-instrument-de-paix\/\">Brice<\/a> qui sera ordonn\u00e9 le m\u00eame jour \u00e0 la cath\u00e9drale Saint-Pierre de Saintes. <\/p>\n\n\n\n<figure class=\"wp-block-embed-youtube wp-block-embed is-type-video is-provider-youtube wp-embed-aspect-16-9 wp-has-aspect-ratio\"><div class=\"wp-block-embed__wrapper\">\n<iframe loading=\"lazy\" title=\"Fr\u00e8re Jean Eudes - &quot;Seigneur, tu m&#039;as s\u00e9duit et je me suis laiss\u00e9 s\u00e9duire&quot;\" width=\"1080\" height=\"608\" src=\"https:\/\/www.youtube.com\/embed\/Y8SstK2X-fI?feature=oembed\"  allow=\"accelerometer; autoplay; clipboard-write; encrypted-media; gyroscope; picture-in-picture\" allowfullscreen><\/iframe>\n<\/div><\/figure>\n\n\n<p><!--EndFragment--><\/p>","protected":false},"excerpt":{"rendered":"<p>Jean-Eudes&nbsp;Blandin de Chalain a \u00e9t\u00e9 ordonn\u00e9 pr\u00eatre par Mgr Georges Colomb le 27 juin 2020 \u00e0 Saintes. Natif de La Rochelle, il s&rsquo;engage \u00e0 18 ans \u00e0 la Brigade des [&hellip;]<\/p>\n","protected":false},"author":6,"featured_media":3298,"comment_status":"open","ping_status":"open","sticky":true,"template":"","format":"standard","meta":{"_et_pb_use_builder":"","_et_pb_old_content":"","_et_gb_content_width":"","footnotes":""},"categories":[1],"tags":[],"class_list":["post-3297","post","type-post","status-publish","format-standard","has-post-thumbnail","hentry","category-non-classe"],"_links":{"self":[{"href":"https:\/\/catholiques17.fr\/saintes\/wp-json\/wp\/v2\/posts\/3297","targetHints":{"allow":["GET"]}}],"collection":[{"href":"https:\/\/catholiques17.fr\/saintes\/wp-json\/wp\/v2\/posts"}],"about":[{"href":"https:\/\/catholiques17.fr\/saintes\/wp-json\/wp\/v2\/types\/post"}],"author":[{"embeddable":true,"href":"https:\/\/catholiques17.fr\/saintes\/wp-json\/wp\/v2\/users\/6"}],"replies":[{"embeddable":true,"href":"https:\/\/catholiques17.fr\/saintes\/wp-json\/wp\/v2\/comments?post=3297"}],"version-history":[{"count":0,"href":"https:\/\/catholiques17.fr\/saintes\/wp-json\/wp\/v2\/posts\/3297\/revisions"}],"wp:featuredmedia":[{"embeddable":true,"href":"https:\/\/catholiques17.fr\/saintes\/wp-json\/wp\/v2\/media\/3298"}],"wp:attachment":[{"href":"https:\/\/catholiques17.fr\/saintes\/wp-json\/wp\/v2\/media?parent=3297"}],"wp:term":[{"taxonomy":"category","embeddable":true,"href":"https:\/\/catholiques17.fr\/saintes\/wp-json\/wp\/v2\/categories?post=3297"},{"taxonomy":"post_tag","embeddable":true,"href":"https:\/\/catholiques17.fr\/saintes\/wp-json\/wp\/v2\/tags?post=3297"}],"curies":[{"name":"wp","href":"https:\/\/api.w.org\/{rel}","templated":true}]}}