{"id":3291,"date":"2020-06-29T21:32:46","date_gmt":"2020-06-29T19:32:46","guid":{"rendered":"https:\/\/catholiques17.fr\/saintes\/?p=3291"},"modified":"2020-06-29T21:32:46","modified_gmt":"2020-06-29T19:32:46","slug":"brice-degbey-fais-de-moi-un-instrument-de-paix","status":"publish","type":"post","link":"https:\/\/catholiques17.fr\/saintes\/brice-degbey-fais-de-moi-un-instrument-de-paix\/","title":{"rendered":"Brice Degbey &#8211; \u00ab\u00a0Fais de moi un instrument de paix !\u00a0\u00bb"},"content":{"rendered":"\n<p><strong><em>Originaire du B\u00e9nin, Brice a \u00e9t\u00e9 ordonn\u00e9 pr\u00eatre pour le dioc\u00e8se de La Rochelle et Saintes par Mgr Georges Colomb&nbsp;le 27 juin 2020  \u00e0 la cath\u00e9drale Saint-Pierre de Saintes aux c\u00f4t\u00e9s de <a href=\"https:\/\/catholiques17.fr\/non-classe\/frere-jean-eudes-lapotre-de-la-vie\/\">Jean-Eudes<\/a>. Deo gratias ! <\/em><\/strong><\/p>\n\n\n\n<p>Apr\u00e8s son baccalaur\u00e9at canonique obtenu en 2014 \u00e0 Lyon,  cet ancien oblat de saint Fran\u00e7ois de Sales est accueilli dans le dioc\u00e8se de La Rochelle et Saintes.<\/p>\n\n\n\n<p>Brice est \u00e9galement dipl\u00f4m\u00e9 en droit et en philosophie (licence en droit priv\u00e9 \u00e0 l\u2019universit\u00e9 de Parakou au B\u00e9nin et Master 2 de philosophie \u00e0 l\u2019universit\u00e9 catholique de Lyon).<\/p>\n\n\n\n<figure class=\"wp-block-embed-youtube wp-block-embed is-type-video is-provider-youtube wp-embed-aspect-16-9 wp-has-aspect-ratio\"><div class=\"wp-block-embed__wrapper\">\n<iframe loading=\"lazy\" title=\"Brice Degbey - &quot;Fais de moi un instrument de paix !&quot;\" width=\"1080\" height=\"608\" src=\"https:\/\/www.youtube.com\/embed\/RiHynVLGseU?feature=oembed\"  allow=\"accelerometer; autoplay; clipboard-write; encrypted-media; gyroscope; picture-in-picture\" allowfullscreen><\/iframe>\n<\/div><\/figure>\n\n\n<p><!--EndFragment--><\/p>","protected":false},"excerpt":{"rendered":"<p>Originaire du B\u00e9nin, Brice a \u00e9t\u00e9 ordonn\u00e9 pr\u00eatre pour le dioc\u00e8se de La Rochelle et Saintes par Mgr Georges Colomb&nbsp;le 27 juin 2020 \u00e0 la cath\u00e9drale Saint-Pierre de Saintes aux [&hellip;]<\/p>\n","protected":false},"author":6,"featured_media":3294,"comment_status":"open","ping_status":"open","sticky":true,"template":"","format":"standard","meta":{"_et_pb_use_builder":"","_et_pb_old_content":"","_et_gb_content_width":"","footnotes":""},"categories":[1],"tags":[],"class_list":["post-3291","post","type-post","status-publish","format-standard","has-post-thumbnail","hentry","category-non-classe"],"_links":{"self":[{"href":"https:\/\/catholiques17.fr\/saintes\/wp-json\/wp\/v2\/posts\/3291","targetHints":{"allow":["GET"]}}],"collection":[{"href":"https:\/\/catholiques17.fr\/saintes\/wp-json\/wp\/v2\/posts"}],"about":[{"href":"https:\/\/catholiques17.fr\/saintes\/wp-json\/wp\/v2\/types\/post"}],"author":[{"embeddable":true,"href":"https:\/\/catholiques17.fr\/saintes\/wp-json\/wp\/v2\/users\/6"}],"replies":[{"embeddable":true,"href":"https:\/\/catholiques17.fr\/saintes\/wp-json\/wp\/v2\/comments?post=3291"}],"version-history":[{"count":0,"href":"https:\/\/catholiques17.fr\/saintes\/wp-json\/wp\/v2\/posts\/3291\/revisions"}],"wp:featuredmedia":[{"embeddable":true,"href":"https:\/\/catholiques17.fr\/saintes\/wp-json\/wp\/v2\/media\/3294"}],"wp:attachment":[{"href":"https:\/\/catholiques17.fr\/saintes\/wp-json\/wp\/v2\/media?parent=3291"}],"wp:term":[{"taxonomy":"category","embeddable":true,"href":"https:\/\/catholiques17.fr\/saintes\/wp-json\/wp\/v2\/categories?post=3291"},{"taxonomy":"post_tag","embeddable":true,"href":"https:\/\/catholiques17.fr\/saintes\/wp-json\/wp\/v2\/tags?post=3291"}],"curies":[{"name":"wp","href":"https:\/\/api.w.org\/{rel}","templated":true}]}}