{"id":3284,"date":"2020-06-29T17:05:32","date_gmt":"2020-06-29T15:05:32","guid":{"rendered":"https:\/\/catholiques17.fr\/saintes\/?p=3284"},"modified":"2020-06-29T17:05:32","modified_gmt":"2020-06-29T15:05:32","slug":"revivez-les-ordinations-sacerdotales-de-jean-eudes-et-de-brice-a-saintes-27-juin-2020","status":"publish","type":"post","link":"https:\/\/catholiques17.fr\/saintes\/revivez-les-ordinations-sacerdotales-de-jean-eudes-et-de-brice-a-saintes-27-juin-2020\/","title":{"rendered":"Ordinations sacerdotales \u00e0 Saintes (27 juin 2020)"},"content":{"rendered":"\n<p><strong><em>Jean-Eudes Blandin de Chalain<\/em><\/strong> et de <strong><em>Brice Degbey<\/em><\/strong> ont \u00e9t\u00e9 ordonn\u00e9s pr\u00eatres le samedi 27 juin 2020 \u00e0 la cath\u00e9drale Saint-Pierre de Saintes par Mgr Georges Colomb, \u00e9v\u00eaque de La Rochelle et Saintes. <\/p>\n\n\n\n<figure class=\"wp-block-image size-large\"><img decoding=\"async\" src=\"https:\/\/catholiques17.fr\/wp-content\/uploads\/2020\/06\/IMGP2813-2048x1365.jpg\" alt=\"\" class=\"wp-image-15292\" \/><figcaption><em> \u00a9 Pierre Gobin<\/em><\/figcaption><\/figure>\n\n\n\n<blockquote class=\"wp-block-quote is-style-large is-layout-flow wp-block-quote-is-layout-flow\"><p><strong>Fais ton travail d\u2019\u00e9vang\u00e9lisateur<\/strong> (extrait de l&rsquo;hom\u00e9lie)<br>\u00ab\u00a0Confesser J\u00e9sus, Christ et Seigneur, c\u2019est accepter de le suivre jusqu\u2019au bout, vous souvenant sans cesse de l\u2019amour&nbsp; et de la joie de l\u2019ami de l\u2019Epoux,&nbsp;jusqu\u2019au don total de vos vies, sans peur, car il est votre roc et votre salut ! Confesser J\u00e9sus Christ, c\u2019est croire \u00e0 la force de la Parole, c\u2019est l\u2019annoncer \u00e0 temps et \u00e0 contre temps. Vous n\u2019\u00eates pas des gentils animateurs qui font leurs 35 heures dans une ONG humanitaire, vous \u00eates pr\u00eatres de l\u2019Eglise catholique, votre maison devra \u00eatre accueillante, votre t\u00e9l\u00e9phone branch\u00e9 pour \u00eatre \u00e0 l\u2019\u00e9coute de vos fr\u00e8res et s\u0153urs. Vous devrez \u00eatre attentifs au rythme de vie des Fid\u00e8les la\u00efques qui oeuvrent pour l\u2019annonce de l\u2019\u00e9vangile avec vous. Ils ont bien souvent une vie de famille et de plus, b\u00e9n\u00e9volement, la plupart du temps, ils donnent du temps et leur amour du Christ dans le cadre de leur mission. Sachez le, Il est normal que votre agenda soit bien rempli. Les bonnes journ\u00e9es sont celles o\u00f9 l\u2019on s\u2019endort fatigu\u00e9.\u00a0\u00bb<\/p><\/blockquote>\n\n\n\n<p class=\"has-background has-very-light-gray-background-color\"><strong> Retrouvez <a href=\"https:\/\/catholiques17.fr\/actualite\/homelie-donnee-par-mgr-colomb-pour-lordination-presbyterale-de-brice-degbey-et-jean-eudes-blandin-de-chalin-samedi-27-juin-2020\/\">ici<\/a> (texte + vid\u00e9o) l\u2019hom\u00e9lie de Mgr Colomb.<\/strong><\/p>\n\n\n\n<p> <em>Jean-Eudes et Brice b\u00e9nissant Mgr Colomb sur le parvis de Saint-Pierre (Saintes) \u00e0 l&rsquo;issue de leur ordination<\/em><\/p>\n\n\n\n<figure class=\"wp-block-image size-large\"><img decoding=\"async\" src=\"https:\/\/catholiques17.fr\/wp-content\/uploads\/2020\/06\/IMG_7423-2048x1365.jpg\" alt=\"\" class=\"wp-image-15278\" \/><\/figure>\n\n\n\n<figure class=\"wp-block-image size-large\"><img decoding=\"async\" src=\"https:\/\/catholiques17.fr\/wp-content\/uploads\/2020\/06\/IMG_7421-2048x1365.jpg\" alt=\"\" class=\"wp-image-15279\" \/><\/figure>\n\n\n<p><!--EndFragment--><\/p>","protected":false},"excerpt":{"rendered":"<p>Jean-Eudes Blandin de Chalain et de Brice Degbey ont \u00e9t\u00e9 ordonn\u00e9s pr\u00eatres le samedi 27 juin 2020 \u00e0 la cath\u00e9drale Saint-Pierre de Saintes par Mgr Georges Colomb, \u00e9v\u00eaque de La [&hellip;]<\/p>\n","protected":false},"author":6,"featured_media":3287,"comment_status":"open","ping_status":"open","sticky":true,"template":"","format":"standard","meta":{"_et_pb_use_builder":"","_et_pb_old_content":"","_et_gb_content_width":"","footnotes":""},"categories":[1],"tags":[],"class_list":["post-3284","post","type-post","status-publish","format-standard","has-post-thumbnail","hentry","category-non-classe"],"_links":{"self":[{"href":"https:\/\/catholiques17.fr\/saintes\/wp-json\/wp\/v2\/posts\/3284","targetHints":{"allow":["GET"]}}],"collection":[{"href":"https:\/\/catholiques17.fr\/saintes\/wp-json\/wp\/v2\/posts"}],"about":[{"href":"https:\/\/catholiques17.fr\/saintes\/wp-json\/wp\/v2\/types\/post"}],"author":[{"embeddable":true,"href":"https:\/\/catholiques17.fr\/saintes\/wp-json\/wp\/v2\/users\/6"}],"replies":[{"embeddable":true,"href":"https:\/\/catholiques17.fr\/saintes\/wp-json\/wp\/v2\/comments?post=3284"}],"version-history":[{"count":0,"href":"https:\/\/catholiques17.fr\/saintes\/wp-json\/wp\/v2\/posts\/3284\/revisions"}],"wp:featuredmedia":[{"embeddable":true,"href":"https:\/\/catholiques17.fr\/saintes\/wp-json\/wp\/v2\/media\/3287"}],"wp:attachment":[{"href":"https:\/\/catholiques17.fr\/saintes\/wp-json\/wp\/v2\/media?parent=3284"}],"wp:term":[{"taxonomy":"category","embeddable":true,"href":"https:\/\/catholiques17.fr\/saintes\/wp-json\/wp\/v2\/categories?post=3284"},{"taxonomy":"post_tag","embeddable":true,"href":"https:\/\/catholiques17.fr\/saintes\/wp-json\/wp\/v2\/tags?post=3284"}],"curies":[{"name":"wp","href":"https:\/\/api.w.org\/{rel}","templated":true}]}}