{"id":3210,"date":"2020-06-04T09:17:57","date_gmt":"2020-06-04T07:17:57","guid":{"rendered":"https:\/\/catholiques17.fr\/saintes\/?p=3210"},"modified":"2020-06-04T09:17:57","modified_gmt":"2020-06-04T07:17:57","slug":"bienheureux-pierre-louis-de-la-rochefoucauld-juin-2020","status":"publish","type":"post","link":"https:\/\/catholiques17.fr\/saintes\/bienheureux-pierre-louis-de-la-rochefoucauld-juin-2020\/","title":{"rendered":"Bienheureux Pierre-Louis de La Rochefoucauld (Juin 2020)"},"content":{"rendered":"\n<p class=\"has-background has-pale-cyan-blue-background-color\">Entretien avec le<strong> P\u00e8re Bernard de Lisle<\/strong> au sujet de Mgr Pierre-Louis de La Rochefoucauld, dernier \u00e9v\u00eaque de Saintes, martyris\u00e9 en 1792 pour avoir refus\u00e9 la constitution civile du clerg\u00e9, pendant la R\u00e9volution<\/p>\n\n\n\n<figure class=\"wp-block-embed-youtube wp-block-embed is-type-video is-provider-youtube wp-embed-aspect-16-9 wp-has-aspect-ratio\"><div class=\"wp-block-embed__wrapper\">\n<iframe loading=\"lazy\" title=\"Mgr de La Rochefoucauld (Mai 2020)\" width=\"1080\" height=\"608\" src=\"https:\/\/www.youtube.com\/embed\/C8xKby-tjOg?feature=oembed\"  allow=\"accelerometer; autoplay; clipboard-write; encrypted-media; gyroscope; picture-in-picture\" allowfullscreen><\/iframe>\n<\/div><\/figure>\n","protected":false},"excerpt":{"rendered":"<p>Entretien avec le P\u00e8re Bernard de Lisle au sujet de Mgr Pierre-Louis de La Rochefoucauld, dernier \u00e9v\u00eaque de Saintes, martyris\u00e9 en 1792 pour avoir refus\u00e9 la constitution civile du clerg\u00e9, [&hellip;]<\/p>\n","protected":false},"author":6,"featured_media":3213,"comment_status":"open","ping_status":"open","sticky":true,"template":"","format":"standard","meta":{"_et_pb_use_builder":"","_et_pb_old_content":"","_et_gb_content_width":"","footnotes":""},"categories":[1],"tags":[],"class_list":["post-3210","post","type-post","status-publish","format-standard","has-post-thumbnail","hentry","category-non-classe"],"_links":{"self":[{"href":"https:\/\/catholiques17.fr\/saintes\/wp-json\/wp\/v2\/posts\/3210","targetHints":{"allow":["GET"]}}],"collection":[{"href":"https:\/\/catholiques17.fr\/saintes\/wp-json\/wp\/v2\/posts"}],"about":[{"href":"https:\/\/catholiques17.fr\/saintes\/wp-json\/wp\/v2\/types\/post"}],"author":[{"embeddable":true,"href":"https:\/\/catholiques17.fr\/saintes\/wp-json\/wp\/v2\/users\/6"}],"replies":[{"embeddable":true,"href":"https:\/\/catholiques17.fr\/saintes\/wp-json\/wp\/v2\/comments?post=3210"}],"version-history":[{"count":0,"href":"https:\/\/catholiques17.fr\/saintes\/wp-json\/wp\/v2\/posts\/3210\/revisions"}],"wp:featuredmedia":[{"embeddable":true,"href":"https:\/\/catholiques17.fr\/saintes\/wp-json\/wp\/v2\/media\/3213"}],"wp:attachment":[{"href":"https:\/\/catholiques17.fr\/saintes\/wp-json\/wp\/v2\/media?parent=3210"}],"wp:term":[{"taxonomy":"category","embeddable":true,"href":"https:\/\/catholiques17.fr\/saintes\/wp-json\/wp\/v2\/categories?post=3210"},{"taxonomy":"post_tag","embeddable":true,"href":"https:\/\/catholiques17.fr\/saintes\/wp-json\/wp\/v2\/tags?post=3210"}],"curies":[{"name":"wp","href":"https:\/\/api.w.org\/{rel}","templated":true}]}}