{"id":3174,"date":"2020-05-23T19:34:43","date_gmt":"2020-05-23T17:34:43","guid":{"rendered":"https:\/\/catholiques17.fr\/saintes\/?p=3174"},"modified":"2020-05-23T19:34:43","modified_gmt":"2020-05-23T17:34:43","slug":"celebrations-ouvertes-dans-eglises","status":"publish","type":"post","link":"https:\/\/catholiques17.fr\/saintes\/celebrations-ouvertes-dans-eglises\/","title":{"rendered":"C\u00e9l\u00e9brations ouvertes dans \u00e9glises !"},"content":{"rendered":"\n<p>Aux cur\u00e9s et \u00e9quipes pastorales des paroisses<\/p>\n\n\n\n<p>P\u00e8res, madame, monsieur,<\/p>\n\n\n\n<p>Comme vous l\u2019avez appris par la presse aujourd\u2019hui, le d\u00e9cret permettant la reprise des c\u00e9l\u00e9brations religieuses a \u00e9t\u00e9 publi\u00e9 ce matin au journal officiel. Nous allons donc avoir la joie de nous rassembler \u00e0 nouveau au nom du Seigneur pour la c\u00e9l\u00e9bration des sacrements de la foi. Nous pouvons d\u00e8s ce week-end c\u00e9l\u00e9brer les messes dominicales mais cette libert\u00e9 entra\u00eene pour nous une r\u00e9elle responsabilit\u00e9 dans le respect des prescriptions sanitaires.<\/p>\n\n\n\n<p>Pour avoir le temps de pr\u00e9parer la mise en \u0153uvre des consignes demand\u00e9es (mat\u00e9riels n\u00e9cessaires, b\u00e9n\u00e9voles)&nbsp;<strong>nous vous sugg\u00e9rons de reprendre ces c\u00e9l\u00e9brations dominicales \u00e0 l\u2019occasion de la f\u00eate de la Pentec\u00f4te (30-31 mai)<\/strong>. C\u2019est aussi la semaine prochaine que les \u00e9ventuels premiers effets du d\u00e9confinement en terme de contagion pourront \u00eatre constat\u00e9s.<\/p>\n\n\n\n<p>La pi\u00e8ce jointe \u00e0 ce courriel vous donne la liste de toutes ces prescriptions sanitaires.<\/p>\n\n\n\n<p>J\u2019attire votre attention sur quelques points&nbsp;:<\/p>\n\n\n\n<ul class=\"wp-block-list\"><li>La n\u00e9cessaire distanciation entre les personnes (au moins 1 m entre deux personnes). Pour cela, il est bien \u00e9videmment n\u00e9cessaire de mettre en place une signal\u00e9tique claire qui entra\u00eene une limitation du nombre des places,<\/li><li>Le port du masque est obligatoire pour chacun \u00e0 partir de 11 ans,<\/li><li>Le lavage des mains (au gel hydroalcoolique) est exig\u00e9 \u00e0 l\u2019entr\u00e9e et \u00e0 la sortie de la c\u00e9l\u00e9bration,<\/li><li>Les portes sont ouvertes pour \u00e9viter d\u2019\u00eatre touch\u00e9es.<\/li><\/ul>\n\n\n\n<p>Pour le respect de ces mesures, il est n\u00e9cessaire de faire appel \u00e0 des b\u00e9n\u00e9voles et de les former<\/p>\n\n\n\n<p>La semaine prochaine, nous enverrons une affiche pr\u00e9sentant l\u2019ensemble de ces mesures (\u00e0 afficher aux portes des \u00e9glises).<\/p>\n\n\n\n<p>Pour les pr\u00eatres, nous vous rappelons l\u2019importance de mettre \u00e0 part la grande hostie \u00e0 consommer enti\u00e8rement. Les esp\u00e8ces eucharistiques sont recouvertes et prot\u00e9g\u00e9es pour emp\u00eacher la projection de postillons (la maladie se transmet par le toucher et les postillons). Les ministres de la communion sont invit\u00e9s \u00e0 se laver ostensiblement les mains au gel hydroalcoolique pendant le chant de l\u2019Agneau de Dieu<\/p>\n\n\n\n<p>Il est important que vous puissiez informer le maire de votre commune de la date de reprise des c\u00e9l\u00e9brations dans l\u2019\u00e9glise qui s\u2019y trouve.<\/p>\n\n\n\n<p>Restant \u00e0 votre disposition pour d\u2019autres pr\u00e9cisions, je vous prie d\u2019accepter mes fraternelles salutations<\/p>\n\n\n\n<p>P\u00e8re Bertand Monnard<\/p>\n\n\n\n<p>Vicaire g\u00e9n\u00e9ral<\/p>\n\n\n\n<figure class=\"wp-block-image\"><img decoding=\"async\" src=\"https:\/\/catholiques17.fr\/wp-content\/uploads\/2020\/05\/2020-05-23_CP-reprise-messes-VDEF2-2.jpg\" alt=\"\" class=\"wp-image-14918\" \/><figcaption>R<\/figcaption><\/figure>\n","protected":false},"excerpt":{"rendered":"<p>Aux cur\u00e9s et \u00e9quipes pastorales des paroisses P\u00e8res, madame, monsieur, Comme vous l\u2019avez appris par la presse aujourd\u2019hui, le d\u00e9cret permettant la reprise des c\u00e9l\u00e9brations religieuses a \u00e9t\u00e9 publi\u00e9 ce [&hellip;]<\/p>\n","protected":false},"author":1,"featured_media":0,"comment_status":"open","ping_status":"open","sticky":false,"template":"","format":"standard","meta":{"_et_pb_use_builder":"","_et_pb_old_content":"","_et_gb_content_width":"","footnotes":""},"categories":[1],"tags":[],"class_list":["post-3174","post","type-post","status-publish","format-standard","hentry","category-non-classe"],"_links":{"self":[{"href":"https:\/\/catholiques17.fr\/saintes\/wp-json\/wp\/v2\/posts\/3174","targetHints":{"allow":["GET"]}}],"collection":[{"href":"https:\/\/catholiques17.fr\/saintes\/wp-json\/wp\/v2\/posts"}],"about":[{"href":"https:\/\/catholiques17.fr\/saintes\/wp-json\/wp\/v2\/types\/post"}],"author":[{"embeddable":true,"href":"https:\/\/catholiques17.fr\/saintes\/wp-json\/wp\/v2\/users\/1"}],"replies":[{"embeddable":true,"href":"https:\/\/catholiques17.fr\/saintes\/wp-json\/wp\/v2\/comments?post=3174"}],"version-history":[{"count":0,"href":"https:\/\/catholiques17.fr\/saintes\/wp-json\/wp\/v2\/posts\/3174\/revisions"}],"wp:attachment":[{"href":"https:\/\/catholiques17.fr\/saintes\/wp-json\/wp\/v2\/media?parent=3174"}],"wp:term":[{"taxonomy":"category","embeddable":true,"href":"https:\/\/catholiques17.fr\/saintes\/wp-json\/wp\/v2\/categories?post=3174"},{"taxonomy":"post_tag","embeddable":true,"href":"https:\/\/catholiques17.fr\/saintes\/wp-json\/wp\/v2\/tags?post=3174"}],"curies":[{"name":"wp","href":"https:\/\/api.w.org\/{rel}","templated":true}]}}