{"id":3128,"date":"2020-05-14T16:53:36","date_gmt":"2020-05-14T14:53:36","guid":{"rendered":"https:\/\/catholiques17.fr\/saintes\/?p=3128"},"modified":"2020-05-14T16:53:36","modified_gmt":"2020-05-14T14:53:36","slug":"message-de-mgr-colomb-14-mai-2020","status":"publish","type":"post","link":"https:\/\/catholiques17.fr\/saintes\/message-de-mgr-colomb-14-mai-2020\/","title":{"rendered":"Message de Mgr Colomb (14 Mai 2020)"},"content":{"rendered":"\n<p class=\"has-background has-pale-cyan-blue-background-color\">Message de notre \u00c9v\u00eaque \u00e0 tous les catholiques de Charente-Maritime au sujet des directives gouvernementales post-confinement, et de l&rsquo;organisation des paroisses et des \u00e9v\u00e9nements dioc\u00e9sains dans les prochaines semaines.<\/p>\n\n\n\n<figure class=\"wp-block-image\"><a href=\"https:\/\/catholiques17.fr\/saintes\/wp-content\/uploads\/sites\/3\/2020\/05\/Message-de-Mgr-Colomb-08-mai-2020.pdf\" target=\"_blank\" rel=\"noreferrer noopener\"><img decoding=\"async\" src=\"https:\/\/catholiques17.fr\/saintes\/wp-content\/uploads\/sites\/3\/2020\/05\/Courrier-mgr-colomb.jpg\" alt=\"\" \/><\/a><\/figure>\n","protected":false},"excerpt":{"rendered":"<p>Message de notre \u00c9v\u00eaque \u00e0 tous les catholiques de Charente-Maritime au sujet des directives gouvernementales post-confinement, et de l&rsquo;organisation des paroisses et des \u00e9v\u00e9nements dioc\u00e9sains dans les prochaines semaines.<\/p>\n","protected":false},"author":6,"featured_media":1826,"comment_status":"open","ping_status":"open","sticky":false,"template":"","format":"standard","meta":{"_et_pb_use_builder":"","_et_pb_old_content":"","_et_gb_content_width":"","footnotes":""},"categories":[1],"tags":[],"class_list":["post-3128","post","type-post","status-publish","format-standard","has-post-thumbnail","hentry","category-non-classe"],"_links":{"self":[{"href":"https:\/\/catholiques17.fr\/saintes\/wp-json\/wp\/v2\/posts\/3128","targetHints":{"allow":["GET"]}}],"collection":[{"href":"https:\/\/catholiques17.fr\/saintes\/wp-json\/wp\/v2\/posts"}],"about":[{"href":"https:\/\/catholiques17.fr\/saintes\/wp-json\/wp\/v2\/types\/post"}],"author":[{"embeddable":true,"href":"https:\/\/catholiques17.fr\/saintes\/wp-json\/wp\/v2\/users\/6"}],"replies":[{"embeddable":true,"href":"https:\/\/catholiques17.fr\/saintes\/wp-json\/wp\/v2\/comments?post=3128"}],"version-history":[{"count":0,"href":"https:\/\/catholiques17.fr\/saintes\/wp-json\/wp\/v2\/posts\/3128\/revisions"}],"wp:featuredmedia":[{"embeddable":true,"href":"https:\/\/catholiques17.fr\/saintes\/wp-json\/wp\/v2\/media\/1826"}],"wp:attachment":[{"href":"https:\/\/catholiques17.fr\/saintes\/wp-json\/wp\/v2\/media?parent=3128"}],"wp:term":[{"taxonomy":"category","embeddable":true,"href":"https:\/\/catholiques17.fr\/saintes\/wp-json\/wp\/v2\/categories?post=3128"},{"taxonomy":"post_tag","embeddable":true,"href":"https:\/\/catholiques17.fr\/saintes\/wp-json\/wp\/v2\/tags?post=3128"}],"curies":[{"name":"wp","href":"https:\/\/api.w.org\/{rel}","templated":true}]}}