{"id":3051,"date":"2020-04-30T23:49:11","date_gmt":"2020-04-30T21:49:11","guid":{"rendered":"https:\/\/catholiques17.fr\/saintes\/?p=3051"},"modified":"2020-04-30T23:49:11","modified_gmt":"2020-04-30T21:49:11","slug":"fete-de-saint-eutrope-30-avril-2020","status":"publish","type":"post","link":"https:\/\/catholiques17.fr\/saintes\/fete-de-saint-eutrope-30-avril-2020\/","title":{"rendered":"F\u00eate de Saint Eutrope (30 Avril 2020)"},"content":{"rendered":"\n<p>En raison de la crise sanitaire, les f\u00eates de Saint Eutrope, initialement pr\u00e9vues les 2 et 3 mai \u00e0 Saintes, ont d\u00fb \u00eatre annul\u00e9es. Les pr\u00eatres de nos paroisses ont n\u00e9anmoins c\u00e9l\u00e9br\u00e9 le martyr du premier \u00e9v\u00eaque de Saintonge lors d&rsquo;une messe \u00e0 huis-clos, dans la basilique qui lui est d\u00e9di\u00e9e.<\/p>\n\n\n\n<p class=\"has-background has-pale-cyan-blue-background-color\"><strong>La messe de la Saint-Eutrope en images<\/strong><\/p>\n\n\n\n<figure class=\"wp-block-embed-youtube wp-block-embed is-type-video is-provider-youtube wp-embed-aspect-16-9 wp-has-aspect-ratio\"><div class=\"wp-block-embed__wrapper\">\n<iframe loading=\"lazy\" title=\"F\u00eate de Saint Eutrope - R\u00e9sum\u00e9 (30 Avril 2020)\" width=\"1080\" height=\"608\" src=\"https:\/\/www.youtube.com\/embed\/pW6-EATgjB4?feature=oembed\"  allow=\"accelerometer; autoplay; clipboard-write; encrypted-media; gyroscope; picture-in-picture\" allowfullscreen><\/iframe>\n<\/div><\/figure>\n\n\n\n<p class=\"has-background has-pale-cyan-blue-background-color\"><strong>Le mot d&rsquo;accueil du P\u00e8re Guillaume Salin (int\u00e9gral)<\/strong><\/p>\n\n\n\n<figure class=\"wp-block-embed-youtube wp-block-embed is-type-video is-provider-youtube wp-embed-aspect-16-9 wp-has-aspect-ratio\"><div class=\"wp-block-embed__wrapper\">\n<iframe loading=\"lazy\" title=\"F\u00eate de Saint Eutrope - Accueil (30 Avril 2020)\" width=\"1080\" height=\"608\" src=\"https:\/\/www.youtube.com\/embed\/nWrkHMCPKrw?feature=oembed\"  allow=\"accelerometer; autoplay; clipboard-write; encrypted-media; gyroscope; picture-in-picture\" allowfullscreen><\/iframe>\n<\/div><\/figure>\n\n\n\n<p class=\"has-background has-pale-cyan-blue-background-color\"><strong>Hom\u00e9lie de la Saint Eutrope (int\u00e9grale)<\/strong><\/p>\n\n\n\n<figure class=\"wp-block-embed-youtube wp-block-embed is-type-video is-provider-youtube wp-embed-aspect-16-9 wp-has-aspect-ratio\"><div class=\"wp-block-embed__wrapper\">\n<iframe loading=\"lazy\" title=\"F\u00eate de Saint Eutrope - Hom\u00e9lie (30 Avril 2020)\" width=\"1080\" height=\"608\" src=\"https:\/\/www.youtube.com\/embed\/1yRkDoUpVj8?feature=oembed\"  allow=\"accelerometer; autoplay; clipboard-write; encrypted-media; gyroscope; picture-in-picture\" allowfullscreen><\/iframe>\n<\/div><\/figure>\n\n\n\n<p class=\"has-background has-pale-cyan-blue-background-color\"><strong>Pri\u00e8re \u00e0 la crypte (int\u00e9grale)<\/strong><\/p>\n\n\n\n<figure class=\"wp-block-embed-youtube wp-block-embed is-type-video is-provider-youtube wp-embed-aspect-16-9 wp-has-aspect-ratio\"><div class=\"wp-block-embed__wrapper\">\n<iframe loading=\"lazy\" title=\"F\u00eate de Saint Eutrope - Crypte (30 Avril 2020)\" width=\"1080\" height=\"608\" src=\"https:\/\/www.youtube.com\/embed\/wgBcwX6V-YU?feature=oembed\"  allow=\"accelerometer; autoplay; clipboard-write; encrypted-media; gyroscope; picture-in-picture\" allowfullscreen><\/iframe>\n<\/div><\/figure>\n","protected":false},"excerpt":{"rendered":"<p>En raison de la crise sanitaire, les f\u00eates de Saint Eutrope, initialement pr\u00e9vues les 2 et 3 mai \u00e0 Saintes, ont d\u00fb \u00eatre annul\u00e9es. Les pr\u00eatres de nos paroisses ont [&hellip;]<\/p>\n","protected":false},"author":6,"featured_media":3054,"comment_status":"open","ping_status":"open","sticky":true,"template":"","format":"standard","meta":{"_et_pb_use_builder":"","_et_pb_old_content":"","_et_gb_content_width":"","footnotes":""},"categories":[1],"tags":[],"class_list":["post-3051","post","type-post","status-publish","format-standard","has-post-thumbnail","hentry","category-non-classe"],"_links":{"self":[{"href":"https:\/\/catholiques17.fr\/saintes\/wp-json\/wp\/v2\/posts\/3051","targetHints":{"allow":["GET"]}}],"collection":[{"href":"https:\/\/catholiques17.fr\/saintes\/wp-json\/wp\/v2\/posts"}],"about":[{"href":"https:\/\/catholiques17.fr\/saintes\/wp-json\/wp\/v2\/types\/post"}],"author":[{"embeddable":true,"href":"https:\/\/catholiques17.fr\/saintes\/wp-json\/wp\/v2\/users\/6"}],"replies":[{"embeddable":true,"href":"https:\/\/catholiques17.fr\/saintes\/wp-json\/wp\/v2\/comments?post=3051"}],"version-history":[{"count":0,"href":"https:\/\/catholiques17.fr\/saintes\/wp-json\/wp\/v2\/posts\/3051\/revisions"}],"wp:featuredmedia":[{"embeddable":true,"href":"https:\/\/catholiques17.fr\/saintes\/wp-json\/wp\/v2\/media\/3054"}],"wp:attachment":[{"href":"https:\/\/catholiques17.fr\/saintes\/wp-json\/wp\/v2\/media?parent=3051"}],"wp:term":[{"taxonomy":"category","embeddable":true,"href":"https:\/\/catholiques17.fr\/saintes\/wp-json\/wp\/v2\/categories?post=3051"},{"taxonomy":"post_tag","embeddable":true,"href":"https:\/\/catholiques17.fr\/saintes\/wp-json\/wp\/v2\/tags?post=3051"}],"curies":[{"name":"wp","href":"https:\/\/api.w.org\/{rel}","templated":true}]}}