{"id":3013,"date":"2020-04-25T09:30:13","date_gmt":"2020-04-25T07:30:13","guid":{"rendered":"https:\/\/catholiques17.fr\/saintes\/?p=3013"},"modified":"2020-04-25T09:30:13","modified_gmt":"2020-04-25T07:30:13","slug":"consecration-a-la-vierge-marie","status":"publish","type":"post","link":"https:\/\/catholiques17.fr\/saintes\/consecration-a-la-vierge-marie\/","title":{"rendered":"Cons\u00e9cration \u00e0 la Vierge Marie (Mai 2020)"},"content":{"rendered":"\n<p class=\"has-background has-pale-cyan-blue-background-color\">Au cours du mois de mai, mois de Marie, pr\u00e9paration quotidienne \u00e0 l&rsquo;acte de cons\u00e9cration \u00e0 la Vierge.<\/p>\n\n\n\n<figure class=\"wp-block-image size-large\"><img decoding=\"async\" src=\"https:\/\/catholiques17.fr\/saintes\/wp-content\/uploads\/sites\/5\/2020\/04\/Pr\u00e9paration-\u00e0-la-Cons\u00e9cration-\u00e0-la-Vierge-Marie-28-au-30-avril-et-1er-au-30-mai-2020-1-1528x2048.jpeg\" alt=\"\" class=\"wp-image-3014\" \/><\/figure>\n","protected":false},"excerpt":{"rendered":"<p>Au cours du mois de mai, mois de Marie, pr\u00e9paration quotidienne \u00e0 l&rsquo;acte de cons\u00e9cration \u00e0 la Vierge.<\/p>\n","protected":false},"author":1,"featured_media":3036,"comment_status":"open","ping_status":"open","sticky":false,"template":"","format":"standard","meta":{"_et_pb_use_builder":"","_et_pb_old_content":"","_et_gb_content_width":"","footnotes":""},"categories":[1],"tags":[],"class_list":["post-3013","post","type-post","status-publish","format-standard","has-post-thumbnail","hentry","category-non-classe"],"_links":{"self":[{"href":"https:\/\/catholiques17.fr\/saintes\/wp-json\/wp\/v2\/posts\/3013","targetHints":{"allow":["GET"]}}],"collection":[{"href":"https:\/\/catholiques17.fr\/saintes\/wp-json\/wp\/v2\/posts"}],"about":[{"href":"https:\/\/catholiques17.fr\/saintes\/wp-json\/wp\/v2\/types\/post"}],"author":[{"embeddable":true,"href":"https:\/\/catholiques17.fr\/saintes\/wp-json\/wp\/v2\/users\/1"}],"replies":[{"embeddable":true,"href":"https:\/\/catholiques17.fr\/saintes\/wp-json\/wp\/v2\/comments?post=3013"}],"version-history":[{"count":0,"href":"https:\/\/catholiques17.fr\/saintes\/wp-json\/wp\/v2\/posts\/3013\/revisions"}],"wp:featuredmedia":[{"embeddable":true,"href":"https:\/\/catholiques17.fr\/saintes\/wp-json\/wp\/v2\/media\/3036"}],"wp:attachment":[{"href":"https:\/\/catholiques17.fr\/saintes\/wp-json\/wp\/v2\/media?parent=3013"}],"wp:term":[{"taxonomy":"category","embeddable":true,"href":"https:\/\/catholiques17.fr\/saintes\/wp-json\/wp\/v2\/categories?post=3013"},{"taxonomy":"post_tag","embeddable":true,"href":"https:\/\/catholiques17.fr\/saintes\/wp-json\/wp\/v2\/tags?post=3013"}],"curies":[{"name":"wp","href":"https:\/\/api.w.org\/{rel}","templated":true}]}}