{"id":2977,"date":"2020-04-20T11:08:33","date_gmt":"2020-04-20T09:08:33","guid":{"rendered":"https:\/\/catholiques17.fr\/saintes\/?p=2977"},"modified":"2020-04-20T11:08:33","modified_gmt":"2020-04-20T09:08:33","slug":"temps-de-priere-en-confinement-19-avril-2020","status":"publish","type":"post","link":"https:\/\/catholiques17.fr\/saintes\/temps-de-priere-en-confinement-19-avril-2020\/","title":{"rendered":"Temps de pri\u00e8re en confinement (19 avril 2020)"},"content":{"rendered":"\n<p class=\"has-background has-pale-cyan-blue-background-color\"><strong>Propos\u00e9 par les paroissiens de Saintes en confinement, \u00e0 l&rsquo;occasion du dimanche de la Mis\u00e9ricorde<\/strong><\/p>\n\n\n\n<figure class=\"wp-block-embed-youtube wp-block-embed is-type-video is-provider-youtube wp-embed-aspect-16-9 wp-has-aspect-ratio\"><div class=\"wp-block-embed__wrapper\">\n<iframe loading=\"lazy\" title=\"Temps de pri\u00e8re - 19 avril 2020\" width=\"1080\" height=\"608\" src=\"https:\/\/www.youtube.com\/embed\/qAorwOSp6w8?feature=oembed\"  allow=\"accelerometer; autoplay; clipboard-write; encrypted-media; gyroscope; picture-in-picture\" allowfullscreen><\/iframe>\n<\/div><\/figure>\n\n\n\n<p> <\/p>\n","protected":false},"excerpt":{"rendered":"<p>Propos\u00e9 par les paroissiens de Saintes en confinement, \u00e0 l&rsquo;occasion du dimanche de la Mis\u00e9ricorde<\/p>\n","protected":false},"author":6,"featured_media":0,"comment_status":"open","ping_status":"open","sticky":false,"template":"","format":"standard","meta":{"_et_pb_use_builder":"","_et_pb_old_content":"","_et_gb_content_width":"","footnotes":""},"categories":[1],"tags":[],"class_list":["post-2977","post","type-post","status-publish","format-standard","hentry","category-non-classe"],"_links":{"self":[{"href":"https:\/\/catholiques17.fr\/saintes\/wp-json\/wp\/v2\/posts\/2977","targetHints":{"allow":["GET"]}}],"collection":[{"href":"https:\/\/catholiques17.fr\/saintes\/wp-json\/wp\/v2\/posts"}],"about":[{"href":"https:\/\/catholiques17.fr\/saintes\/wp-json\/wp\/v2\/types\/post"}],"author":[{"embeddable":true,"href":"https:\/\/catholiques17.fr\/saintes\/wp-json\/wp\/v2\/users\/6"}],"replies":[{"embeddable":true,"href":"https:\/\/catholiques17.fr\/saintes\/wp-json\/wp\/v2\/comments?post=2977"}],"version-history":[{"count":0,"href":"https:\/\/catholiques17.fr\/saintes\/wp-json\/wp\/v2\/posts\/2977\/revisions"}],"wp:attachment":[{"href":"https:\/\/catholiques17.fr\/saintes\/wp-json\/wp\/v2\/media?parent=2977"}],"wp:term":[{"taxonomy":"category","embeddable":true,"href":"https:\/\/catholiques17.fr\/saintes\/wp-json\/wp\/v2\/categories?post=2977"},{"taxonomy":"post_tag","embeddable":true,"href":"https:\/\/catholiques17.fr\/saintes\/wp-json\/wp\/v2\/tags?post=2977"}],"curies":[{"name":"wp","href":"https:\/\/api.w.org\/{rel}","templated":true}]}}