{"id":2952,"date":"2020-04-18T07:53:11","date_gmt":"2020-04-18T05:53:11","guid":{"rendered":"https:\/\/catholiques17.fr\/saintes\/?p=2952"},"modified":"2020-04-18T07:53:11","modified_gmt":"2020-04-18T05:53:11","slug":"homelie-du-2eme-dimanche-de-paques-19-avril-2020","status":"publish","type":"post","link":"https:\/\/catholiques17.fr\/saintes\/homelie-du-2eme-dimanche-de-paques-19-avril-2020\/","title":{"rendered":"Hom\u00e9lie du 2\u00e8me dimanche de P\u00e2ques &#8211; 19 avril 2020"},"content":{"rendered":"\n<p><a rel=\"noreferrer noopener\" aria-label=\"Dimanche de la Mis\u00e9ricorde (s\u2019ouvre dans un nouvel onglet)\" href=\"https:\/\/catholiques17.fr\/saintes\/wp-content\/uploads\/sites\/3\/2020\/04\/Homelie-2e-Dimanche-de-Paques-19-avril-2020.pdf\" target=\"_blank\">Dimanche de la Mis\u00e9ricorde<\/a><\/p>\n\n\n\n<p>Jean\n20, 19-31 <\/p>\n\n\n\n<p><strong><em>J\u00e9sus vint, et Il \u00e9tait l\u00e0\nau milieu d\u2019eux<\/em><\/strong><\/p>\n\n\n\n<p><strong><em>&nbsp;&nbsp;&nbsp;&nbsp;&nbsp;&nbsp;&nbsp;&nbsp;&nbsp;&nbsp;&nbsp; J\u00e9sus\nressuscit\u00e9 se manifeste \u00able dimanche\u00bb, le premier jour de la semaine<\/em><\/strong>. Les\nchr\u00e9tiens de la premi\u00e8re heure ne se r\u00e9unissaient pas tous les jours. Ils\navaient eux aussi, leur travail, leur vie quotidienne. Ils ne pouvaient pas\ntoujours \u00eatre ensemble. Or, c\u2019est dans le cadre de leur \u00abrencontre\nhebdomadaire\u00bb que J\u00e9sus vient. Ceci nous indique que la foi n\u2019est pas une\naffaire strictement personnelle, ou individuelle. La pr\u00e9sence du Christ\nressuscit\u00e9 est surtout ressentie, exp\u00e9riment\u00e9e, dans le cadre de nos rencontres\ncommunautaires, lorsque nous sommes r\u00e9unis en \u00c9glise. On ne peut vivre sa foi\nseul ; la foi a besoin de se nourrir de la parole de Dieu, de l\u2019Eucharistie et\nde s\u2019alimenter aussi de la foi des autres.<\/p>\n\n\n\n<p>&nbsp;&nbsp;&nbsp;&nbsp;&nbsp;&nbsp;&nbsp;&nbsp;&nbsp;&nbsp;&nbsp; Les\ndisciples du Christ se rencontrent mais ils ont peur. Au moment o\u00f9 saint Jean\n\u00e9crit son \u00e9vangile, c\u2019est toujours un temps de pers\u00e9cution. Les disciples ont\npris l\u2019habitude de se r\u00e9unir tant\u00f4t chez l\u2019un, tant\u00f4t chez l\u2019autre. Ils\ns\u2019accueillent, mais il y a des d\u00e9fections, des gens qui abandonnent le groupe. En\nplus, ils verrouillent leurs portes. Mais voici que chaque dimanche, se\nrenouvelle le \u00absigne\u00bb du C\u00e9nacle. Myst\u00e9rieusement, le Christ se glisse parmi\nles siens, dans le lieu o\u00f9 ils se rassemblent : \u00e0 \u00c9ph\u00e8se, Antioche, Corinthe,\nJ\u00e9rusalem, Rome\u2026chaque dimanche, c\u2019est P\u00e2ques !<\/p>\n\n\n\n<p>&nbsp;&nbsp;&nbsp;&nbsp;&nbsp;&nbsp;&nbsp;&nbsp;&nbsp;&nbsp;&nbsp; Les\nfid\u00e8les r\u00e9unis dans l\u2019Assembl\u00e9e chantent : \u00ab<em>Tu es l\u00e0, au c\u0153ur de nos vies,\net c\u2019est Toi qui nous fais vivre<\/em>\u00bb. L\u2019\u00c9glise est d\u2019abord et avant tout la\nr\u00e9union d\u2019hommes et de femmes au milieu desquels le Christ ressuscit\u00e9 se rend\npr\u00e9sent.<\/p>\n\n\n\n<p>&nbsp;&nbsp;&nbsp;&nbsp;&nbsp;&nbsp;&nbsp;&nbsp;&nbsp;&nbsp;&nbsp; Et\nquels sont les signes de cette pr\u00e9sence&nbsp;? Revenons \u00e0 l\u2019\u00e9vangile de ce\ndimanche&nbsp;:<\/p>\n\n\n\n<p><em>* La premi\u00e8re parole du Christ apr\u00e8s sa r\u00e9surrection est une parole de <\/em><strong>paix<\/strong>, une parole\nqui, comme un refrain, revient r\u00e9guli\u00e8rement dans le texte d\u2019aujourd\u2019hui : \u00ab<em>la\npaix soit avec vous<\/em>\u00bb. Le premier don du Ressuscit\u00e9, c\u2019est le don de la paix\nqui chasse la crainte et le doute : \u00ab<em>Shalom<\/em>\u00bb. Cette paix n\u2019est pas celle\ndu monde, c\u2019est la paix confi\u00e9e comme un h\u00e9ritage pr\u00e9cieux le soir du Jeudi\nsaint : \u00ab<em>C\u2019est la paix que je vous laisse, c\u2019est ma paix que je vous\ndonne<\/em>&#8230;&nbsp;\u00bb<\/p>\n\n\n\n<p><strong><em>* <\/em><\/strong><em>Ensuite, la pr\u00e9sence du Seigneur provoque la <\/em><strong>joie<\/strong>. La joie de\nla r\u00e9surrection est celle qui vient apr\u00e8s la peur, apr\u00e8s la souffrance, apr\u00e8s\nle doute. La joie pascale, la joie chr\u00e9tienne, n\u2019est pas une joie facile,\nspontan\u00e9e, ce n\u2019est pas celle qui nous \u00e9prouvons quand tout va bien, quand la\nsant\u00e9 est bonne, quand la jeunesse est l\u00e0, pleine de vitalit\u00e9, quand nos\nentreprises r\u00e9ussissent, quand nos relations amicales et familiales sont\nagr\u00e9ables. <em>La joie de la r\u00e9surrection est\ncelle qui vient \u00abapr\u00e8s\u00bb : <\/em>apr\u00e8s l\u2019angoisse, apr\u00e8s la crise, apr\u00e8s\n-et nous l\u2019esp\u00e9rons bien- l\u2019\u00e9pid\u00e9mie que nous en train de subir en ces jours. Autrement\ndit, c\u2019est la joie et la paix qui remontent d\u2019une situation d\u00e9sesp\u00e9r\u00e9e, comme la\nmort d\u2019un crucifi\u00e9 et que rien ne pourra faire dispara\u00eetre. C\u2019est la joie des disciples\nd\u2019Emma\u00fcs apr\u00e8s le d\u00e9couragement de la mort du Christ. Bien s\u00fbr, nous avons tous\nnos peurs. Peur de Dieu, peur des autres, peur de souffrir, de manquer\nd\u2019argent, de ne pas \u00eatre \u00e0 la hauteur, de vieillir, de mourir \u2026 La liste de nos\npeurs est longue, trop longue, et ces peurs nous emp\u00eachent d\u2019\u00eatre heureux et de\nconna\u00eetre la joie. Le Christ nous dit ce dimanche : \u00ab<em>N\u2019ayez pas peur, ayez\nconfiance en moi. J\u2019ai vaincu la pire des peurs : celle de la mort<\/em>\u00bb. <\/p>\n\n\n\n<p>&nbsp;&nbsp;&nbsp;&nbsp;&nbsp;&nbsp;&nbsp;&nbsp;&nbsp;&nbsp;&nbsp; La\npr\u00e9sence du Christ nous rassemble malgr\u00e9 nos divergences, malgr\u00e9 nos\ndiff\u00e9rences. La communaut\u00e9 chr\u00e9tienne est ouverte aux gens de toutes les\ncouleurs, de toutes les ethnies, de toutes les langues. C\u2019est le contraire de\nla tour de Babel. Saint Paul dira : \u00ab<em>Parmi vous, il n\u2019y a ni Grecs ni Juifs,\nni hommes ni femmes, ni esclaves ni hommes libres<\/em>\u00bb.<\/p>\n\n\n\n<p><em>* Enfin, lors de cette premi\u00e8re rencontre du Christ avec ses disciples Il\nleur donne <\/em><strong>une vie nouvelle<\/strong><strong> <\/strong>: \u00ab<em>Il r\u00e9pandit sur eux son souffle et il leur dit : \u2018Recevez l\u2019Esprit\nSaint\u2019<\/em>\u00bb. C\u2019est le souffle de vie. Le don de l\u2019Esprit, rappelle le texte de\nla cr\u00e9ation d\u2019Adam et \u00c8ve quand l\u2019Esprit de Dieu leur insuffla la vie. En\neffet, il s\u2019agit d\u2019une \u00ab<em>cr\u00e9ation nouvelle<\/em>\u00bb&#8230; Nous sommes, renouvel\u00e9s,\nrecr\u00e9\u00e9s. Et puis : \u00ab<em>De m\u00eame que le P\u00e8re m\u2019a envoy\u00e9, moi aussi, je vous\nenvoie<\/em>\u00bb. Nous sommes d\u00e9sormais les messagers de sa \u00abmis\u00e9ricorde divine\u00bb !\nNous sommes investis de la m\u00eame mission que celle de J\u00e9sus : \u00ab<em>L\u2019Esprit de\nDieu repose sur moi, l\u2019Esprit de Dieu m\u2019a consacr\u00e9, il m\u2019a envoy\u00e9 porter la\nbonne nouvelle aux pauvres, annoncer une ann\u00e9e de bienfaits de la part de Dieu,\nlib\u00e9rer les captifs<\/em>. <\/p>\n\n\n\n<p>&nbsp;&nbsp;&nbsp;&nbsp;&nbsp;&nbsp;&nbsp;&nbsp;&nbsp;&nbsp;&nbsp; Gr\u00e2ce\nau Bapt\u00eame et \u00e0 la Confirmation que nous avons re\u00e7us de l\u2019\u00c9glise, nous sommes\nporteurs de cet Esprit lib\u00e9rateur qui donne la vie. Que Marie, notre sainte\nM\u00e8re interc\u00e8de pour nous afin que nous soyons fid\u00e8les \u00e0 cette mission. Amen. <\/p>\n\n\n\n<p>&nbsp;&nbsp;&nbsp;&nbsp;&nbsp;&nbsp;&nbsp;&nbsp;&nbsp;&nbsp;&nbsp; &nbsp;&nbsp;&nbsp;&nbsp;&nbsp;&nbsp;&nbsp;&nbsp;&nbsp;&nbsp;&nbsp; &nbsp;&nbsp;&nbsp;&nbsp;&nbsp;&nbsp;&nbsp;&nbsp;&nbsp;&nbsp;&nbsp; &nbsp;&nbsp;&nbsp;&nbsp;&nbsp;&nbsp;&nbsp;&nbsp;&nbsp;&nbsp;&nbsp; &nbsp;&nbsp;&nbsp;&nbsp;&nbsp;&nbsp;&nbsp;&nbsp;&nbsp;&nbsp;&nbsp; &nbsp;&nbsp;&nbsp;&nbsp;&nbsp;&nbsp;&nbsp;&nbsp;&nbsp;&nbsp;&nbsp; &nbsp;&nbsp;&nbsp;&nbsp;&nbsp;&nbsp;&nbsp;&nbsp;&nbsp;&nbsp;&nbsp; &nbsp;&nbsp;&nbsp;&nbsp;&nbsp;&nbsp;&nbsp;&nbsp;&nbsp;&nbsp;&nbsp; P\u00e8re Sergio PEREZ, IVE<\/p>\n","protected":false},"excerpt":{"rendered":"<p>Dimanche de la Mis\u00e9ricorde Jean 20, 19-31 J\u00e9sus vint, et Il \u00e9tait l\u00e0 au milieu d\u2019eux &nbsp;&nbsp;&nbsp;&nbsp;&nbsp;&nbsp;&nbsp;&nbsp;&nbsp;&nbsp;&nbsp; J\u00e9sus ressuscit\u00e9 se manifeste \u00able dimanche\u00bb, le premier jour de la semaine. Les [&hellip;]<\/p>\n","protected":false},"author":1,"featured_media":0,"comment_status":"open","ping_status":"open","sticky":false,"template":"","format":"standard","meta":{"_et_pb_use_builder":"","_et_pb_old_content":"","_et_gb_content_width":"","footnotes":""},"categories":[1],"tags":[],"class_list":["post-2952","post","type-post","status-publish","format-standard","hentry","category-non-classe"],"_links":{"self":[{"href":"https:\/\/catholiques17.fr\/saintes\/wp-json\/wp\/v2\/posts\/2952","targetHints":{"allow":["GET"]}}],"collection":[{"href":"https:\/\/catholiques17.fr\/saintes\/wp-json\/wp\/v2\/posts"}],"about":[{"href":"https:\/\/catholiques17.fr\/saintes\/wp-json\/wp\/v2\/types\/post"}],"author":[{"embeddable":true,"href":"https:\/\/catholiques17.fr\/saintes\/wp-json\/wp\/v2\/users\/1"}],"replies":[{"embeddable":true,"href":"https:\/\/catholiques17.fr\/saintes\/wp-json\/wp\/v2\/comments?post=2952"}],"version-history":[{"count":0,"href":"https:\/\/catholiques17.fr\/saintes\/wp-json\/wp\/v2\/posts\/2952\/revisions"}],"wp:attachment":[{"href":"https:\/\/catholiques17.fr\/saintes\/wp-json\/wp\/v2\/media?parent=2952"}],"wp:term":[{"taxonomy":"category","embeddable":true,"href":"https:\/\/catholiques17.fr\/saintes\/wp-json\/wp\/v2\/categories?post=2952"},{"taxonomy":"post_tag","embeddable":true,"href":"https:\/\/catholiques17.fr\/saintes\/wp-json\/wp\/v2\/tags?post=2952"}],"curies":[{"name":"wp","href":"https:\/\/api.w.org\/{rel}","templated":true}]}}