{"id":2935,"date":"2020-04-13T15:00:28","date_gmt":"2020-04-13T13:00:28","guid":{"rendered":"https:\/\/catholiques17.fr\/saintes\/?p=2935"},"modified":"2020-04-13T15:00:28","modified_gmt":"2020-04-13T13:00:28","slug":"paques-temps-de-priere-12-avril-2020","status":"publish","type":"post","link":"https:\/\/catholiques17.fr\/saintes\/paques-temps-de-priere-12-avril-2020\/","title":{"rendered":"P\u00e2ques &#8211; Temps de pri\u00e8re (12 avril 2020)"},"content":{"rendered":"\n<p class=\"has-background has-pale-cyan-blue-background-color\">En confinement, les paroissiens de Saintes vous offrent un troisi\u00e8me temps de pri\u00e8re, \u00e0 l&rsquo;occasion de la r\u00e9surrection du Seigneur. Joyeuses P\u00e2ques \u00e0 tous !<\/p>\n\n\n\n<figure class=\"wp-block-embed-youtube wp-block-embed is-type-video is-provider-youtube wp-embed-aspect-16-9 wp-has-aspect-ratio\"><div class=\"wp-block-embed__wrapper\">\n<iframe loading=\"lazy\" title=\"P\u00e2ques - Temps de pri\u00e8re (12 avril 2020)\" width=\"1080\" height=\"608\" src=\"https:\/\/www.youtube.com\/embed\/f3TYiegnngk?feature=oembed\"  allow=\"accelerometer; autoplay; clipboard-write; encrypted-media; gyroscope; picture-in-picture\" allowfullscreen><\/iframe>\n<\/div><\/figure>\n","protected":false},"excerpt":{"rendered":"<p>En confinement, les paroissiens de Saintes vous offrent un troisi\u00e8me temps de pri\u00e8re, \u00e0 l&rsquo;occasion de la r\u00e9surrection du Seigneur. Joyeuses P\u00e2ques \u00e0 tous !<\/p>\n","protected":false},"author":6,"featured_media":0,"comment_status":"open","ping_status":"open","sticky":false,"template":"","format":"standard","meta":{"_et_pb_use_builder":"","_et_pb_old_content":"","_et_gb_content_width":"","footnotes":""},"categories":[1],"tags":[],"class_list":["post-2935","post","type-post","status-publish","format-standard","hentry","category-non-classe"],"_links":{"self":[{"href":"https:\/\/catholiques17.fr\/saintes\/wp-json\/wp\/v2\/posts\/2935","targetHints":{"allow":["GET"]}}],"collection":[{"href":"https:\/\/catholiques17.fr\/saintes\/wp-json\/wp\/v2\/posts"}],"about":[{"href":"https:\/\/catholiques17.fr\/saintes\/wp-json\/wp\/v2\/types\/post"}],"author":[{"embeddable":true,"href":"https:\/\/catholiques17.fr\/saintes\/wp-json\/wp\/v2\/users\/6"}],"replies":[{"embeddable":true,"href":"https:\/\/catholiques17.fr\/saintes\/wp-json\/wp\/v2\/comments?post=2935"}],"version-history":[{"count":0,"href":"https:\/\/catholiques17.fr\/saintes\/wp-json\/wp\/v2\/posts\/2935\/revisions"}],"wp:attachment":[{"href":"https:\/\/catholiques17.fr\/saintes\/wp-json\/wp\/v2\/media?parent=2935"}],"wp:term":[{"taxonomy":"category","embeddable":true,"href":"https:\/\/catholiques17.fr\/saintes\/wp-json\/wp\/v2\/categories?post=2935"},{"taxonomy":"post_tag","embeddable":true,"href":"https:\/\/catholiques17.fr\/saintes\/wp-json\/wp\/v2\/tags?post=2935"}],"curies":[{"name":"wp","href":"https:\/\/api.w.org\/{rel}","templated":true}]}}