{"id":2927,"date":"2020-04-13T12:04:12","date_gmt":"2020-04-13T10:04:12","guid":{"rendered":"https:\/\/catholiques17.fr\/saintes\/?p=2927"},"modified":"2020-04-13T12:04:12","modified_gmt":"2020-04-13T10:04:12","slug":"paques-benediction-de-la-ville-12-avril-2020","status":"publish","type":"post","link":"https:\/\/catholiques17.fr\/saintes\/paques-benediction-de-la-ville-12-avril-2020\/","title":{"rendered":"P\u00e2ques &#8211; B\u00e9n\u00e9diction de la ville (12 avril 2020)"},"content":{"rendered":"\n<p class=\"has-background has-pale-cyan-blue-background-color\"><strong>En ce dimanche de P\u00e2ques, le P\u00e8re Guillaume Salin a b\u00e9ni la ville de Saintes, depuis le clocher de la Cath\u00e9drale Saint Pierre<\/strong><\/p>\n\n\n\n<figure class=\"wp-block-embed-youtube wp-block-embed is-type-video is-provider-youtube wp-embed-aspect-16-9 wp-has-aspect-ratio\"><div class=\"wp-block-embed__wrapper\">\n<iframe loading=\"lazy\" title=\"B\u00e9n\u00e9diction Saintes - P\u00e2ques 2020\" width=\"1080\" height=\"608\" src=\"https:\/\/www.youtube.com\/embed\/YGC4-HLi-F4?feature=oembed\"  allow=\"accelerometer; autoplay; clipboard-write; encrypted-media; gyroscope; picture-in-picture\" allowfullscreen><\/iframe>\n<\/div><\/figure>\n","protected":false},"excerpt":{"rendered":"<p>En ce dimanche de P\u00e2ques, le P\u00e8re Guillaume Salin a b\u00e9ni la ville de Saintes, depuis le clocher de la Cath\u00e9drale Saint Pierre<\/p>\n","protected":false},"author":6,"featured_media":2928,"comment_status":"open","ping_status":"open","sticky":true,"template":"","format":"standard","meta":{"_et_pb_use_builder":"","_et_pb_old_content":"","_et_gb_content_width":"","footnotes":""},"categories":[1],"tags":[],"class_list":["post-2927","post","type-post","status-publish","format-standard","has-post-thumbnail","hentry","category-non-classe"],"_links":{"self":[{"href":"https:\/\/catholiques17.fr\/saintes\/wp-json\/wp\/v2\/posts\/2927","targetHints":{"allow":["GET"]}}],"collection":[{"href":"https:\/\/catholiques17.fr\/saintes\/wp-json\/wp\/v2\/posts"}],"about":[{"href":"https:\/\/catholiques17.fr\/saintes\/wp-json\/wp\/v2\/types\/post"}],"author":[{"embeddable":true,"href":"https:\/\/catholiques17.fr\/saintes\/wp-json\/wp\/v2\/users\/6"}],"replies":[{"embeddable":true,"href":"https:\/\/catholiques17.fr\/saintes\/wp-json\/wp\/v2\/comments?post=2927"}],"version-history":[{"count":0,"href":"https:\/\/catholiques17.fr\/saintes\/wp-json\/wp\/v2\/posts\/2927\/revisions"}],"wp:featuredmedia":[{"embeddable":true,"href":"https:\/\/catholiques17.fr\/saintes\/wp-json\/wp\/v2\/media\/2928"}],"wp:attachment":[{"href":"https:\/\/catholiques17.fr\/saintes\/wp-json\/wp\/v2\/media?parent=2927"}],"wp:term":[{"taxonomy":"category","embeddable":true,"href":"https:\/\/catholiques17.fr\/saintes\/wp-json\/wp\/v2\/categories?post=2927"},{"taxonomy":"post_tag","embeddable":true,"href":"https:\/\/catholiques17.fr\/saintes\/wp-json\/wp\/v2\/tags?post=2927"}],"curies":[{"name":"wp","href":"https:\/\/api.w.org\/{rel}","templated":true}]}}