{"id":2915,"date":"2020-04-11T19:33:10","date_gmt":"2020-04-11T17:33:10","guid":{"rendered":"https:\/\/catholiques17.fr\/saintes\/?p=2915"},"modified":"2020-04-11T19:33:10","modified_gmt":"2020-04-11T17:33:10","slug":"stabat-mater-par-le-choeur-st-pallais-11-avril-2020","status":"publish","type":"post","link":"https:\/\/catholiques17.fr\/saintes\/stabat-mater-par-le-choeur-st-pallais-11-avril-2020\/","title":{"rendered":"Stabat Mater par le ch\u0153ur St Pallais (11 Avril 2020)"},"content":{"rendered":"\n<p class=\"has-background has-pale-cyan-blue-background-color\">En ce samedi saint, le choeur de St Pallais nous propose un morceau du Stabat Mater de <strong>Zoltan Kodaly.<\/strong><\/p>\n\n\n\n<figure class=\"wp-block-embed-youtube wp-block-embed is-type-video is-provider-youtube wp-embed-aspect-16-9 wp-has-aspect-ratio\"><div class=\"wp-block-embed__wrapper\">\n<iframe loading=\"lazy\" title=\"Stabat Mater de Kodaly (Choeur de St Pallais)\" width=\"1080\" height=\"608\" src=\"https:\/\/www.youtube.com\/embed\/Bm0S85nGfV0?feature=oembed\"  allow=\"accelerometer; autoplay; clipboard-write; encrypted-media; gyroscope; picture-in-picture\" allowfullscreen><\/iframe>\n<\/div><\/figure>\n\n\n\n<p> Zoltan Kodaly (1882-1967),&nbsp;<em>compositeur, ethnomusicologue et p\u00e9dagogue hongrois. En 1923, il compose une de ses \u0153uvres chorales majeures, le \u00ab psalmus hungaricus \u00bb, pour c\u00e9l\u00e9brer le cinquanti\u00e8me anniversaire de Buda et Pest : c\u2019est un immense succ\u00e8s dans son pays ainsi qu\u2019en Europe et aux Etats-Unis.<\/em><\/p>\n\n\n\n<p><strong>Stabat Mater, dolorosa, juxta crucem lacrimosa dum pendebat filius<\/strong><br><em>Elle se tint l\u00e0, la m\u00e8re endolorie, toute en larmes, aupr\u00e8s de la croix, alors que son fils y \u00e9tait suspendu.<\/em><\/p>\n\n\n\n<p><strong>Cuius animam, contristatam et dolentem, pertransivit gladius.<\/strong><br><em>Son \u00e2me g\u00e9missante, d\u00e9sesp\u00e9r\u00e9e et souffrante, fut transperc\u00e9e d\u2019un glaive.<\/em><\/p>\n\n\n\n<p><strong>O quam tristis et afflicta fuit illa benedicta Mater unigeniti.<\/strong><br><em>O qu\u2019elle fut triste et afflig\u00e9e la tr\u00e8s sainte M\u00e8re du fils unique.<\/em><\/p>\n","protected":false},"excerpt":{"rendered":"<p>En ce samedi saint, le choeur de St Pallais nous propose un morceau du Stabat Mater de Zoltan Kodaly. Zoltan Kodaly (1882-1967),&nbsp;compositeur, ethnomusicologue et p\u00e9dagogue hongrois. En 1923, il compose [&hellip;]<\/p>\n","protected":false},"author":6,"featured_media":0,"comment_status":"open","ping_status":"open","sticky":false,"template":"","format":"standard","meta":{"_et_pb_use_builder":"","_et_pb_old_content":"","_et_gb_content_width":"","footnotes":""},"categories":[1],"tags":[],"class_list":["post-2915","post","type-post","status-publish","format-standard","hentry","category-non-classe"],"_links":{"self":[{"href":"https:\/\/catholiques17.fr\/saintes\/wp-json\/wp\/v2\/posts\/2915","targetHints":{"allow":["GET"]}}],"collection":[{"href":"https:\/\/catholiques17.fr\/saintes\/wp-json\/wp\/v2\/posts"}],"about":[{"href":"https:\/\/catholiques17.fr\/saintes\/wp-json\/wp\/v2\/types\/post"}],"author":[{"embeddable":true,"href":"https:\/\/catholiques17.fr\/saintes\/wp-json\/wp\/v2\/users\/6"}],"replies":[{"embeddable":true,"href":"https:\/\/catholiques17.fr\/saintes\/wp-json\/wp\/v2\/comments?post=2915"}],"version-history":[{"count":0,"href":"https:\/\/catholiques17.fr\/saintes\/wp-json\/wp\/v2\/posts\/2915\/revisions"}],"wp:attachment":[{"href":"https:\/\/catholiques17.fr\/saintes\/wp-json\/wp\/v2\/media?parent=2915"}],"wp:term":[{"taxonomy":"category","embeddable":true,"href":"https:\/\/catholiques17.fr\/saintes\/wp-json\/wp\/v2\/categories?post=2915"},{"taxonomy":"post_tag","embeddable":true,"href":"https:\/\/catholiques17.fr\/saintes\/wp-json\/wp\/v2\/tags?post=2915"}],"curies":[{"name":"wp","href":"https:\/\/api.w.org\/{rel}","templated":true}]}}