{"id":2854,"date":"2020-04-08T12:59:00","date_gmt":"2020-04-08T10:59:00","guid":{"rendered":"https:\/\/catholiques17.fr\/saintes\/?p=2854"},"modified":"2020-04-08T12:59:00","modified_gmt":"2020-04-08T10:59:00","slug":"chemin-de-croix-a-st-vivien-10-avril-2020","status":"publish","type":"post","link":"https:\/\/catholiques17.fr\/saintes\/chemin-de-croix-a-st-vivien-10-avril-2020\/","title":{"rendered":"Chemin de Croix \u00e0 St Vivien (10 avril 2020)"},"content":{"rendered":"\n<p>En ce temps de confinement, nos pr\u00eatres se sont r\u00e9unis \u00e0 l&rsquo;\u00e9glise St Vivien pour m\u00e9diter ensemble le Chemin de Croix du Vendredi Saint. Ils nous invitent \u00e0 prier avec eux, dans nos foyers, en communion spirituelle.<\/p>\n\n\n\n<p>Entre les stations, les fid\u00e8les sont invit\u00e9s \u00e0 prendre un temps de silence puis \u00e0 chanter ou \u00e0 r\u00e9citer les paroles des cantiques propos\u00e9s. Ils pourront \u00e9galement r\u00e9citer une dizaine de chapelet.<\/p>\n\n\n\n<p class=\"has-background has-pale-cyan-blue-background-color\"><strong>Introduction au Chemin de Croix<\/strong><\/p>\n\n\n\n<div class=\"wp-block-columns is-layout-flex wp-container-core-columns-is-layout-9d6595d7 wp-block-columns-is-layout-flex\">\n<div class=\"wp-block-column is-layout-flow wp-block-column-is-layout-flow\" style=\"flex-basis:33.33%\">\n<figure class=\"wp-block-embed-youtube wp-block-embed is-type-video is-provider-youtube wp-embed-aspect-16-9 wp-has-aspect-ratio\"><div class=\"wp-block-embed__wrapper\">\n<iframe loading=\"lazy\" title=\"Introduction Chemin de Croix St Vivien 2020\" width=\"1080\" height=\"608\" src=\"https:\/\/www.youtube.com\/embed\/eRb7kaLZT9I?feature=oembed\"  allow=\"accelerometer; autoplay; clipboard-write; encrypted-media; gyroscope; picture-in-picture\" allowfullscreen><\/iframe>\n<\/div><\/figure>\n<\/div>\n\n\n\n<div class=\"wp-block-column is-layout-flow wp-block-column-is-layout-flow\" style=\"flex-basis:66.66%\">\n<p><strong>Pri\u00e8re de Saint Jean-Paul II<\/strong><\/p>\n\n\n\n<p>Seigneur, nous allons m\u00e9diter la passion et la mort de ton Fils. Accorde nous d&rsquo;imiter dans notre vie son amour et de nous donner, comme lui, \u00e0 toi et \u00e0 nos fr\u00e8res. Par J\u00e9sus, le Christ Notre Seigneur. Amen<\/p>\n<\/div>\n<\/div>\n\n\n\n<p class=\"has-background has-pale-cyan-blue-background-color\"><strong>1\u00e8re Station: J\u00e9sus condamn\u00e9 \u00e0 mort<\/strong><\/p>\n\n\n\n<div class=\"wp-block-columns is-layout-flex wp-container-core-columns-is-layout-9d6595d7 wp-block-columns-is-layout-flex\">\n<div class=\"wp-block-column is-layout-flow wp-block-column-is-layout-flow\" style=\"flex-basis:33.33%\">\n<figure class=\"wp-block-embed-youtube wp-block-embed is-type-video is-provider-youtube wp-embed-aspect-16-9 wp-has-aspect-ratio\"><div class=\"wp-block-embed__wrapper\">\n<iframe loading=\"lazy\" title=\"Station 1 Chemin de Croix St Vivien 2020\" width=\"1080\" height=\"608\" src=\"https:\/\/www.youtube.com\/embed\/o-PcS-8uNkc?feature=oembed\"  allow=\"accelerometer; autoplay; clipboard-write; encrypted-media; gyroscope; picture-in-picture\" allowfullscreen><\/iframe>\n<\/div><\/figure>\n<\/div>\n\n\n\n<div class=\"wp-block-column is-layout-flow wp-block-column-is-layout-flow\" style=\"flex-basis:66.66%\">\n<p><strong>Piti\u00e9, Seigneur, car nous avons p\u00e9ch\u00e9 !<\/strong><\/p>\n\n\n\n<p>Piti\u00e9 pour moi, Seigneur, en ta bont\u00e9<br>En ta tendresse, efface mon p\u00e9ch\u00e9<br>Lave-moi de toute malice<br>Et de ma faute, Seigneur, purifie moi<\/p>\n<\/div>\n<\/div>\n\n\n\n<p class=\"has-background has-pale-cyan-blue-background-color\"><strong>2\u00e8me Station: J\u00e9sus charg\u00e9 de sa croix<\/strong><\/p>\n\n\n\n<div class=\"wp-block-columns is-layout-flex wp-container-core-columns-is-layout-9d6595d7 wp-block-columns-is-layout-flex\">\n<div class=\"wp-block-column is-layout-flow wp-block-column-is-layout-flow\" style=\"flex-basis:33.33%\">\n<figure class=\"wp-block-embed-youtube wp-block-embed is-type-video is-provider-youtube wp-embed-aspect-16-9 wp-has-aspect-ratio\"><div class=\"wp-block-embed__wrapper\">\n<iframe loading=\"lazy\" title=\"Station 2 Chemin de Croix St Vivien 2020\" width=\"1080\" height=\"608\" src=\"https:\/\/www.youtube.com\/embed\/XdaWJUAn6dU?feature=oembed\"  allow=\"accelerometer; autoplay; clipboard-write; encrypted-media; gyroscope; picture-in-picture\" allowfullscreen><\/iframe>\n<\/div><\/figure>\n<\/div>\n\n\n\n<div class=\"wp-block-column is-layout-flow wp-block-column-is-layout-flow\" style=\"flex-basis:66.66%\">\n<p><strong>Vois tes fils, Seigneur, implorant pardon<br>Accorde-leur ta gr\u00e2ce, Dieu tr\u00e8s bon<\/strong><\/p>\n\n\n\n<p>Tu nous fais conna\u00eetre toutes nos mis\u00e8res.<br>Nous avons p\u00e9ch\u00e9 contre toi, \u00f4 P\u00e8re!<br>A nos c\u0153urs d&rsquo;enfants, donne la lumi\u00e8re.<\/p>\n<\/div>\n<\/div>\n\n\n\n<p class=\"has-background has-pale-cyan-blue-background-color\"><strong>3\u00e8me Station: J\u00e9sus tombe pour la premi\u00e8re fois<\/strong><\/p>\n\n\n\n<div class=\"wp-block-columns is-layout-flex wp-container-core-columns-is-layout-9d6595d7 wp-block-columns-is-layout-flex\">\n<div class=\"wp-block-column is-layout-flow wp-block-column-is-layout-flow\" style=\"flex-basis:33.33%\">\n<figure class=\"wp-block-embed-youtube wp-block-embed is-type-video is-provider-youtube wp-embed-aspect-16-9 wp-has-aspect-ratio\"><div class=\"wp-block-embed__wrapper\">\n<iframe loading=\"lazy\" title=\"Station 3 Chemin de Croix St Vivien 2020\" width=\"1080\" height=\"608\" src=\"https:\/\/www.youtube.com\/embed\/6yQUbRlXtLQ?feature=oembed\"  allow=\"accelerometer; autoplay; clipboard-write; encrypted-media; gyroscope; picture-in-picture\" allowfullscreen><\/iframe>\n<\/div><\/figure>\n<\/div>\n\n\n\n<div class=\"wp-block-column is-layout-flow wp-block-column-is-layout-flow\" style=\"flex-basis:66.66%\">\n<p><strong>Oui je me l\u00e8verai et j&rsquo;irai vers mon P\u00e8re<\/strong><\/p>\n\n\n\n<p><strong>1 <\/strong>Vers toi Seigneur, j&rsquo;\u00e9l\u00e8ve mon \u00e2me<br>Je me confie en Toi, mon espoir.<br><strong>2 <\/strong>Gu\u00e9ris mon coeur et gu\u00e9ris mon \u00e2me<br>Car j&rsquo;ai p\u00e9ch\u00e9 envers ton amour.<\/p>\n<\/div>\n<\/div>\n\n\n\n<p class=\"has-background has-pale-cyan-blue-background-color\"><strong>4\u00e8me Station: J\u00e9sus rencontre sa m\u00e8re<\/strong><\/p>\n\n\n\n<div class=\"wp-block-columns is-layout-flex wp-container-core-columns-is-layout-9d6595d7 wp-block-columns-is-layout-flex\">\n<div class=\"wp-block-column is-layout-flow wp-block-column-is-layout-flow\" style=\"flex-basis:33.33%\">\n<figure class=\"wp-block-embed-youtube wp-block-embed is-type-video is-provider-youtube wp-embed-aspect-16-9 wp-has-aspect-ratio\"><div class=\"wp-block-embed__wrapper\">\n<iframe loading=\"lazy\" title=\"Station 4 Chemin de Croix St Vivien 2020\" width=\"1080\" height=\"608\" src=\"https:\/\/www.youtube.com\/embed\/Cryex4otGD8?feature=oembed\"  allow=\"accelerometer; autoplay; clipboard-write; encrypted-media; gyroscope; picture-in-picture\" allowfullscreen><\/iframe>\n<\/div><\/figure>\n<\/div>\n\n\n\n<div class=\"wp-block-column is-layout-flow wp-block-column-is-layout-flow\" style=\"flex-basis:66.66%\">\n<p>Vierge Sainte, Dieu t&rsquo;a choisie, depuis toute \u00e9ternit\u00e9, pour nous donner, ton Fils bien aim\u00e9. Pleine de gr\u00e2ce, nous t&rsquo;acclamons<\/p>\n\n\n\n<p><strong>Ave, Ave, Ave Maria (bis)<\/strong><\/p>\n\n\n\n<p>Par ta foi et par ton amour, \u00f4 Servante du Seigneur, tu participes \u00e0 l&rsquo;oeuvre de Dieu, Pleine de gr\u00e2ce nous te louons<\/p>\n<\/div>\n<\/div>\n\n\n\n<p class=\"has-background has-pale-cyan-blue-background-color\"><strong>5\u00e8me Station: Simon aide J\u00e9sus \u00e0 porter la croix<\/strong><\/p>\n\n\n\n<div class=\"wp-block-columns is-layout-flex wp-container-core-columns-is-layout-9d6595d7 wp-block-columns-is-layout-flex\">\n<div class=\"wp-block-column is-layout-flow wp-block-column-is-layout-flow\" style=\"flex-basis:33.33%\">\n<figure class=\"wp-block-embed-youtube wp-block-embed is-type-video is-provider-youtube wp-embed-aspect-16-9 wp-has-aspect-ratio\"><div class=\"wp-block-embed__wrapper\">\n<iframe loading=\"lazy\" title=\"Station 5 Chemin de Croix St Vivien 2020\" width=\"1080\" height=\"608\" src=\"https:\/\/www.youtube.com\/embed\/0WAf_164FCI?feature=oembed\"  allow=\"accelerometer; autoplay; clipboard-write; encrypted-media; gyroscope; picture-in-picture\" allowfullscreen><\/iframe>\n<\/div><\/figure>\n<\/div>\n\n\n\n<div class=\"wp-block-column is-layout-flow wp-block-column-is-layout-flow\" style=\"flex-basis:66.66%\">\n<p><strong>Je mets mon espoir dans le Seigneur,<br>Je suis s\u00fbr de sa parole<\/strong><\/p>\n\n\n\n<p>Des profondeurs je crie vers toi Seigneur, \u00e9coute mon appel.<br>Que ton oreille se fasse attentive au cri de ma pri\u00e8re.<\/p>\n<\/div>\n<\/div>\n\n\n\n<p class=\"has-background has-pale-cyan-blue-background-color\"><strong>6\u00e8me Station: V\u00e9ronique essuie la face de J\u00e9sus<\/strong><\/p>\n\n\n\n<div class=\"wp-block-columns is-layout-flex wp-container-core-columns-is-layout-9d6595d7 wp-block-columns-is-layout-flex\">\n<div class=\"wp-block-column is-layout-flow wp-block-column-is-layout-flow\" style=\"flex-basis:33.33%\">\n<figure class=\"wp-block-embed-youtube wp-block-embed is-type-video is-provider-youtube wp-embed-aspect-16-9 wp-has-aspect-ratio\"><div class=\"wp-block-embed__wrapper\">\n<iframe loading=\"lazy\" title=\"Station 6 Chemin de Croix St Vivien 2020\" width=\"1080\" height=\"608\" src=\"https:\/\/www.youtube.com\/embed\/u5dS05CpYGI?feature=oembed\"  allow=\"accelerometer; autoplay; clipboard-write; encrypted-media; gyroscope; picture-in-picture\" allowfullscreen><\/iframe>\n<\/div><\/figure>\n<\/div>\n\n\n\n<div class=\"wp-block-column is-layout-flow wp-block-column-is-layout-flow\" style=\"flex-basis:66.66%\">\n<p><strong>Je cherche le visage, le visage du Seigneur<br>Je cherche son image tout au fond de vos c\u0153urs<\/strong><\/p>\n\n\n\n<p>Vous \u00eates le corps du Christ, vous \u00eates le sang du Christ,<br>Vous \u00eates l&rsquo;amour du Christ, alors qu&rsquo;avez vous fait de lui ?<\/p>\n<\/div>\n<\/div>\n\n\n\n<p class=\"has-background has-pale-cyan-blue-background-color\"><strong>7\u00e8me Station: J\u00e9sus tombe pour la deuxi\u00e8me fois<\/strong><\/p>\n\n\n\n<div class=\"wp-block-columns is-layout-flex wp-container-core-columns-is-layout-9d6595d7 wp-block-columns-is-layout-flex\">\n<div class=\"wp-block-column is-layout-flow wp-block-column-is-layout-flow\" style=\"flex-basis:33.33%\">\n<figure class=\"wp-block-embed-youtube wp-block-embed is-type-video is-provider-youtube wp-embed-aspect-16-9 wp-has-aspect-ratio\"><div class=\"wp-block-embed__wrapper\">\n<iframe loading=\"lazy\" title=\"Station 7 Chemin de Croix St Vivien 2020\" width=\"1080\" height=\"608\" src=\"https:\/\/www.youtube.com\/embed\/njUuo3XrhZk?feature=oembed\"  allow=\"accelerometer; autoplay; clipboard-write; encrypted-media; gyroscope; picture-in-picture\" allowfullscreen><\/iframe>\n<\/div><\/figure>\n<\/div>\n\n\n\n<div class=\"wp-block-column is-layout-flow wp-block-column-is-layout-flow\" style=\"flex-basis:66.66%\">\n<p><strong> Oui je me l\u00e8verai et j&rsquo;irai vers mon P\u00e8re<\/strong><\/p>\n\n\n\n<p> <strong>1 <\/strong>Vers toi Seigneur, j&rsquo;\u00e9l\u00e8ve mon \u00e2me<br>Je me confie en Toi, mon espoir.<br><strong>2 <\/strong>Gu\u00e9ris mon coeur et gu\u00e9ris mon \u00e2me<br>Car j&rsquo;ai p\u00e9ch\u00e9 envers ton amour. <\/p>\n<\/div>\n<\/div>\n\n\n\n<p class=\"has-background has-pale-cyan-blue-background-color\"><strong>8\u00e8me Station: J\u00e9sus s&rsquo;adresse aux femmes de Jerusalem<\/strong><\/p>\n\n\n\n<div class=\"wp-block-columns is-layout-flex wp-container-core-columns-is-layout-9d6595d7 wp-block-columns-is-layout-flex\">\n<div class=\"wp-block-column is-layout-flow wp-block-column-is-layout-flow\" style=\"flex-basis:33.33%\">\n<figure class=\"wp-block-embed-youtube wp-block-embed is-type-video is-provider-youtube wp-embed-aspect-16-9 wp-has-aspect-ratio\"><div class=\"wp-block-embed__wrapper\">\n<iframe loading=\"lazy\" title=\"Station 8 Chemin de Croix St Vivien 2020\" width=\"1080\" height=\"608\" src=\"https:\/\/www.youtube.com\/embed\/RvTHNH7LsSc?feature=oembed\"  allow=\"accelerometer; autoplay; clipboard-write; encrypted-media; gyroscope; picture-in-picture\" allowfullscreen><\/iframe>\n<\/div><\/figure>\n<\/div>\n\n\n\n<div class=\"wp-block-column is-layout-flow wp-block-column-is-layout-flow\" style=\"flex-basis:66.66%\">\n<p><strong>Changez vos c\u0153urs, croyez \u00e0 la bonne nouvelle,<br>Changez de vie, croyez que Dieu vous aime!<\/strong><\/p>\n\n\n\n<p><strong>1<\/strong> Je ne viens pas pour condamner le monde,<br>Je viens pour que le monde soit sauv\u00e9<br><strong>2 <\/strong>Qui croit en moi a la vie \u00e9ternelle<br>Croyez en mes paroles et vous vivrez<\/p>\n<\/div>\n<\/div>\n\n\n\n<p class=\"has-background has-pale-cyan-blue-background-color\"><strong>9\u00e8me Station: J\u00e9sus tombe pour la troisi\u00e8me fois<\/strong><\/p>\n\n\n\n<div class=\"wp-block-columns is-layout-flex wp-container-core-columns-is-layout-9d6595d7 wp-block-columns-is-layout-flex\">\n<div class=\"wp-block-column is-layout-flow wp-block-column-is-layout-flow\" style=\"flex-basis:33.33%\">\n<figure class=\"wp-block-embed-youtube wp-block-embed is-type-video is-provider-youtube wp-embed-aspect-16-9 wp-has-aspect-ratio\"><div class=\"wp-block-embed__wrapper\">\n<iframe loading=\"lazy\" title=\"Station 9 Chemin de Croix St Vivien 2020\" width=\"1080\" height=\"608\" src=\"https:\/\/www.youtube.com\/embed\/3l-s8On92So?feature=oembed\"  allow=\"accelerometer; autoplay; clipboard-write; encrypted-media; gyroscope; picture-in-picture\" allowfullscreen><\/iframe>\n<\/div><\/figure>\n<\/div>\n\n\n\n<div class=\"wp-block-column is-layout-flow wp-block-column-is-layout-flow\" style=\"flex-basis:66.66%\">\n<p><strong>Oui je me l\u00e8verai et j&rsquo;irai vers mon P\u00e8re<\/strong><\/p>\n\n\n\n<p>  <strong>1 <\/strong>Vers toi Seigneur, j&rsquo;\u00e9l\u00e8ve mon \u00e2me<br>Je me confie en Toi, mon espoir.<br><strong>2 <\/strong>Gu\u00e9ris mon coeur et gu\u00e9ris mon \u00e2me<br>Car j&rsquo;ai p\u00e9ch\u00e9 envers ton amour <\/p>\n<\/div>\n<\/div>\n\n\n\n<p class=\"has-background has-pale-cyan-blue-background-color\"><strong>10\u00e8me Station: J\u00e9sus est d\u00e9pouill\u00e9 de ses v\u00eatements<\/strong><\/p>\n\n\n\n<div class=\"wp-block-columns is-layout-flex wp-container-core-columns-is-layout-9d6595d7 wp-block-columns-is-layout-flex\">\n<div class=\"wp-block-column is-layout-flow wp-block-column-is-layout-flow\" style=\"flex-basis:33.33%\">\n<figure class=\"wp-block-embed-youtube wp-block-embed is-type-video is-provider-youtube wp-embed-aspect-16-9 wp-has-aspect-ratio\"><div class=\"wp-block-embed__wrapper\">\n<iframe loading=\"lazy\" title=\"Station 10 Chemin de Croix St Vivien 2020\" width=\"1080\" height=\"608\" src=\"https:\/\/www.youtube.com\/embed\/1QzfufaeHcQ?feature=oembed\"  allow=\"accelerometer; autoplay; clipboard-write; encrypted-media; gyroscope; picture-in-picture\" allowfullscreen><\/iframe>\n<\/div><\/figure>\n<\/div>\n\n\n\n<div class=\"wp-block-column is-layout-flow wp-block-column-is-layout-flow\" style=\"flex-basis:66.66%\">\n<p><strong>Piti\u00e9 Seigneur, car nous avons p\u00e9ch\u00e9!<\/strong><\/p>\n\n\n\n<p>Car mon p\u00e9ch\u00e9, moi, je le connais<br>Ma faute est devant moi sans rel\u00e2che<br>Contre Toi, Toi seul, j&rsquo;ai p\u00e9ch\u00e9,<br>Ce qui est mal \u00e0 tes yeux, je l&rsquo;ai fait.<\/p>\n<\/div>\n<\/div>\n\n\n\n<p class=\"has-background has-pale-cyan-blue-background-color\"><strong>11\u00e8me Station: J\u00e9sus est clou\u00e9 \u00e0 la croix<\/strong><\/p>\n\n\n\n<div class=\"wp-block-columns is-layout-flex wp-container-core-columns-is-layout-9d6595d7 wp-block-columns-is-layout-flex\">\n<div class=\"wp-block-column is-layout-flow wp-block-column-is-layout-flow\" style=\"flex-basis:33.33%\">\n<figure class=\"wp-block-embed-youtube wp-block-embed is-type-video is-provider-youtube wp-embed-aspect-16-9 wp-has-aspect-ratio\"><div class=\"wp-block-embed__wrapper\">\n<iframe loading=\"lazy\" title=\"Station 11 Chemin de Croix St Vivien 2020\" width=\"1080\" height=\"608\" src=\"https:\/\/www.youtube.com\/embed\/P8a1eugEd4w?feature=oembed\"  allow=\"accelerometer; autoplay; clipboard-write; encrypted-media; gyroscope; picture-in-picture\" allowfullscreen><\/iframe>\n<\/div><\/figure>\n<\/div>\n\n\n\n<div class=\"wp-block-column is-layout-flow wp-block-column-is-layout-flow\" style=\"flex-basis:66.66%\">\n<p><strong>Vois tes fils, Seigneur, implorant pardon;<br>Accorde-leur ta gr\u00e2ce, Dieu tr\u00e8s bon<\/strong><\/p>\n\n\n\n<p>Quand le mal nous guette, garde nous fid\u00e8les.<br>Ne d\u00e9daigne pas l&rsquo;homme qui t&rsquo;appelle.<br>Saint Esprit de Dieu, fais nos vies nouvelles.<\/p>\n<\/div>\n<\/div>\n\n\n\n<p class=\"has-background has-pale-cyan-blue-background-color\"><strong>12\u00e8me Station: J\u00e9sus meurt sur la croix<\/strong><\/p>\n\n\n\n<div class=\"wp-block-columns is-layout-flex wp-container-core-columns-is-layout-9d6595d7 wp-block-columns-is-layout-flex\">\n<div class=\"wp-block-column is-layout-flow wp-block-column-is-layout-flow\" style=\"flex-basis:33.33%\">\n<figure class=\"wp-block-embed-youtube wp-block-embed is-type-video is-provider-youtube wp-embed-aspect-16-9 wp-has-aspect-ratio\"><div class=\"wp-block-embed__wrapper\">\n<iframe loading=\"lazy\" title=\"Station 12 Chemin de Croix St Vivien 2020\" width=\"1080\" height=\"608\" src=\"https:\/\/www.youtube.com\/embed\/caATZc09X8E?feature=oembed\"  allow=\"accelerometer; autoplay; clipboard-write; encrypted-media; gyroscope; picture-in-picture\" allowfullscreen><\/iframe>\n<\/div><\/figure>\n<\/div>\n\n\n\n<div class=\"wp-block-column is-layout-flow wp-block-column-is-layout-flow\" style=\"flex-basis:66.66%\">\n<p><strong>Vois tes fils, Seigneur, implorant pardon;<\/strong> <br><strong>Accorde-leur ta gr\u00e2ce, Dieu tr\u00e8s bon<\/strong><\/p>\n\n\n\n<p>Quand le mal nous guette, garde nous fid\u00e8les.<br>Ne d\u00e9daigne pas l&rsquo;homme qui t&rsquo;appelle.<br>Saint Esprit de Dieu, fais nos vies nouvelles. <\/p>\n<\/div>\n<\/div>\n\n\n\n<p class=\"has-background has-pale-cyan-blue-background-color\"><strong>13\u00e8me Station: J\u00e9sus descendu de la croix<\/strong><\/p>\n\n\n\n<div class=\"wp-block-columns is-layout-flex wp-container-core-columns-is-layout-9d6595d7 wp-block-columns-is-layout-flex\">\n<div class=\"wp-block-column is-layout-flow wp-block-column-is-layout-flow\" style=\"flex-basis:33.33%\">\n<figure class=\"wp-block-embed-youtube wp-block-embed is-type-video is-provider-youtube wp-embed-aspect-16-9 wp-has-aspect-ratio\"><div class=\"wp-block-embed__wrapper\">\n<iframe loading=\"lazy\" title=\"Station 13 Chemin de Croix St Vivien 2020\" width=\"1080\" height=\"608\" src=\"https:\/\/www.youtube.com\/embed\/Zdx89WTl5jI?feature=oembed\"  allow=\"accelerometer; autoplay; clipboard-write; encrypted-media; gyroscope; picture-in-picture\" allowfullscreen><\/iframe>\n<\/div><\/figure>\n<\/div>\n\n\n\n<div class=\"wp-block-column is-layout-flow wp-block-column-is-layout-flow\" style=\"flex-basis:66.66%\">\n<p><strong>Nous te saluons, \u00f4 toi Notre Dame<br>Marie Vierge Sainte que drape le soleil<br>Couronn\u00e9e d\u2019\u00e9toiles, la lune est sous tes pas.<br>En toi nous est donn\u00e9e, l\u2019aurore du salut<\/strong><\/p>\n\n\n\n<p>Tu es rest\u00e9e fid\u00e8le m\u00e8re au pied de la croix,<br>Soutiens notre esp\u00e9rance et garde notre foi.<br>Du c\u00f4t\u00e9 de ton Fils, tu as puis\u00e9 pour nous,<br>L\u2019eau et le sang vers\u00e9s qui sauvent du p\u00e9ch\u00e9. <\/p>\n<\/div>\n<\/div>\n\n\n\n<p class=\"has-background has-pale-cyan-blue-background-color\"><strong>14\u00e8me Station: J\u00e9sus est mis au tombeau<\/strong><\/p>\n\n\n\n<div class=\"wp-block-columns is-layout-flex wp-container-core-columns-is-layout-9d6595d7 wp-block-columns-is-layout-flex\">\n<div class=\"wp-block-column is-layout-flow wp-block-column-is-layout-flow\" style=\"flex-basis:33.33%\">\n<figure class=\"wp-block-embed-youtube wp-block-embed is-type-video is-provider-youtube wp-embed-aspect-16-9 wp-has-aspect-ratio\"><div class=\"wp-block-embed__wrapper\">\n<iframe loading=\"lazy\" title=\"Station 14 Chemin de Croix St Vivien 2020\" width=\"1080\" height=\"608\" src=\"https:\/\/www.youtube.com\/embed\/fs9xd_qJOJs?feature=oembed\"  allow=\"accelerometer; autoplay; clipboard-write; encrypted-media; gyroscope; picture-in-picture\" allowfullscreen><\/iframe>\n<\/div><\/figure>\n<\/div>\n\n\n\n<div class=\"wp-block-column is-layout-flow wp-block-column-is-layout-flow\" style=\"flex-basis:66.66%\">\n<p><strong>Changez vos c\u0153urs, croyez \u00e0 la bonne nouvelle,<br>Changez de vie, croyez que Dieu vous aime!<\/strong> <\/p>\n\n\n\n<p> <strong>1<\/strong> Je ne viens pas pour condamner le monde,<br>Je viens pour que le monde soit sauv\u00e9<br><strong>2 <\/strong>Qui croit en moi a la vie \u00e9ternelle<br>Croyez en mes paroles et vous vivrez <\/p>\n<\/div>\n<\/div>\n\n\n\n<p class=\"has-background has-pale-cyan-blue-background-color\"><strong>Pri\u00e8re finale<\/strong><\/p>\n\n\n\n<div class=\"wp-block-columns is-layout-flex wp-container-core-columns-is-layout-9d6595d7 wp-block-columns-is-layout-flex\">\n<div class=\"wp-block-column is-layout-flow wp-block-column-is-layout-flow\" style=\"flex-basis:33.33%\">\n<figure class=\"wp-block-embed-youtube wp-block-embed is-type-video is-provider-youtube wp-embed-aspect-16-9 wp-has-aspect-ratio\"><div class=\"wp-block-embed__wrapper\">\n<iframe loading=\"lazy\" title=\"Conclusion Chemin de Croix St Vivien 2020\" width=\"1080\" height=\"608\" src=\"https:\/\/www.youtube.com\/embed\/qzKUPubc0GU?feature=oembed\"  allow=\"accelerometer; autoplay; clipboard-write; encrypted-media; gyroscope; picture-in-picture\" allowfullscreen><\/iframe>\n<\/div><\/figure>\n<\/div>\n\n\n\n<div class=\"wp-block-column is-layout-flow wp-block-column-is-layout-flow\" style=\"flex-basis:66.66%\">\n<p>Dieu de saintet\u00e9, par les souffrances de ton propre Fils livr\u00e9 \u00e0 ses bourreaux et pendu sur une croix, tu as fait mourir la mort et na\u00eetre la vie. Donne nous de reconna\u00eetre dans sa passion et sa r\u00e9surrection le salut des pauvres et la d\u00e9livrance des nations, pour qu&rsquo;\u00e0 l&rsquo;action de gr\u00e2ce du Christ, vivant parmi les siens, nous r\u00e9pondions dans l&rsquo;Eglise par une vie de plus en plus fid\u00e8le. <strong>Amen<\/strong><\/p>\n<\/div>\n<\/div>\n","protected":false},"excerpt":{"rendered":"<p>En ce temps de confinement, nos pr\u00eatres se sont r\u00e9unis \u00e0 l&rsquo;\u00e9glise St Vivien pour m\u00e9diter ensemble le Chemin de Croix du Vendredi Saint. Ils nous invitent \u00e0 prier avec [&hellip;]<\/p>\n","protected":false},"author":6,"featured_media":0,"comment_status":"open","ping_status":"open","sticky":false,"template":"","format":"standard","meta":{"_et_pb_use_builder":"","_et_pb_old_content":"","_et_gb_content_width":"","footnotes":""},"categories":[1],"tags":[],"class_list":["post-2854","post","type-post","status-publish","format-standard","hentry","category-non-classe"],"_links":{"self":[{"href":"https:\/\/catholiques17.fr\/saintes\/wp-json\/wp\/v2\/posts\/2854","targetHints":{"allow":["GET"]}}],"collection":[{"href":"https:\/\/catholiques17.fr\/saintes\/wp-json\/wp\/v2\/posts"}],"about":[{"href":"https:\/\/catholiques17.fr\/saintes\/wp-json\/wp\/v2\/types\/post"}],"author":[{"embeddable":true,"href":"https:\/\/catholiques17.fr\/saintes\/wp-json\/wp\/v2\/users\/6"}],"replies":[{"embeddable":true,"href":"https:\/\/catholiques17.fr\/saintes\/wp-json\/wp\/v2\/comments?post=2854"}],"version-history":[{"count":0,"href":"https:\/\/catholiques17.fr\/saintes\/wp-json\/wp\/v2\/posts\/2854\/revisions"}],"wp:attachment":[{"href":"https:\/\/catholiques17.fr\/saintes\/wp-json\/wp\/v2\/media?parent=2854"}],"wp:term":[{"taxonomy":"category","embeddable":true,"href":"https:\/\/catholiques17.fr\/saintes\/wp-json\/wp\/v2\/categories?post=2854"},{"taxonomy":"post_tag","embeddable":true,"href":"https:\/\/catholiques17.fr\/saintes\/wp-json\/wp\/v2\/tags?post=2854"}],"curies":[{"name":"wp","href":"https:\/\/api.w.org\/{rel}","templated":true}]}}