{"id":2825,"date":"2020-04-07T00:06:38","date_gmt":"2020-04-06T22:06:38","guid":{"rendered":"https:\/\/catholiques17.fr\/saintes\/?p=2825"},"modified":"2020-04-07T00:06:38","modified_gmt":"2020-04-06T22:06:38","slug":"temps-de-priere-en-confinement-6-avril-2020","status":"publish","type":"post","link":"https:\/\/catholiques17.fr\/saintes\/temps-de-priere-en-confinement-6-avril-2020\/","title":{"rendered":"Temps de pri\u00e8re en confinement (6 avril 2020)"},"content":{"rendered":"\n<p>Pour cette entr\u00e9e dans la Semaine Sainte, des paroissiens de Saintes ont une nouvelle fois uni leurs voix, \u00e0 distance, pour nous proposer un temps de pri\u00e8re, en chemin vers P\u00e2ques<\/p>\n\n\n\n<figure class=\"wp-block-embed-youtube wp-block-embed is-type-video is-provider-youtube wp-embed-aspect-16-9 wp-has-aspect-ratio\"><div class=\"wp-block-embed__wrapper\">\n<iframe loading=\"lazy\" title=\"Temps de pri\u00e8re - Dimanche des Rameaux (5 avril 2020)\" width=\"1080\" height=\"608\" src=\"https:\/\/www.youtube.com\/embed\/X-lZsaZjCmo?feature=oembed\"  allow=\"accelerometer; autoplay; clipboard-write; encrypted-media; gyroscope; picture-in-picture\" allowfullscreen><\/iframe>\n<\/div><\/figure>\n","protected":false},"excerpt":{"rendered":"<p>Pour cette entr\u00e9e dans la Semaine Sainte, des paroissiens de Saintes ont une nouvelle fois uni leurs voix, \u00e0 distance, pour nous proposer un temps de pri\u00e8re, en chemin vers [&hellip;]<\/p>\n","protected":false},"author":6,"featured_media":2828,"comment_status":"open","ping_status":"open","sticky":false,"template":"","format":"standard","meta":{"_et_pb_use_builder":"","_et_pb_old_content":"","_et_gb_content_width":"","footnotes":""},"categories":[1],"tags":[],"class_list":["post-2825","post","type-post","status-publish","format-standard","has-post-thumbnail","hentry","category-non-classe"],"_links":{"self":[{"href":"https:\/\/catholiques17.fr\/saintes\/wp-json\/wp\/v2\/posts\/2825","targetHints":{"allow":["GET"]}}],"collection":[{"href":"https:\/\/catholiques17.fr\/saintes\/wp-json\/wp\/v2\/posts"}],"about":[{"href":"https:\/\/catholiques17.fr\/saintes\/wp-json\/wp\/v2\/types\/post"}],"author":[{"embeddable":true,"href":"https:\/\/catholiques17.fr\/saintes\/wp-json\/wp\/v2\/users\/6"}],"replies":[{"embeddable":true,"href":"https:\/\/catholiques17.fr\/saintes\/wp-json\/wp\/v2\/comments?post=2825"}],"version-history":[{"count":0,"href":"https:\/\/catholiques17.fr\/saintes\/wp-json\/wp\/v2\/posts\/2825\/revisions"}],"wp:featuredmedia":[{"embeddable":true,"href":"https:\/\/catholiques17.fr\/saintes\/wp-json\/wp\/v2\/media\/2828"}],"wp:attachment":[{"href":"https:\/\/catholiques17.fr\/saintes\/wp-json\/wp\/v2\/media?parent=2825"}],"wp:term":[{"taxonomy":"category","embeddable":true,"href":"https:\/\/catholiques17.fr\/saintes\/wp-json\/wp\/v2\/categories?post=2825"},{"taxonomy":"post_tag","embeddable":true,"href":"https:\/\/catholiques17.fr\/saintes\/wp-json\/wp\/v2\/tags?post=2825"}],"curies":[{"name":"wp","href":"https:\/\/api.w.org\/{rel}","templated":true}]}}