{"id":2821,"date":"2020-04-06T22:07:30","date_gmt":"2020-04-06T20:07:30","guid":{"rendered":"https:\/\/catholiques17.fr\/saintes\/?p=2821"},"modified":"2020-04-06T22:07:30","modified_gmt":"2020-04-06T20:07:30","slug":"catechese-du-7-avril-le-sacrement-de-reconciliation","status":"publish","type":"post","link":"https:\/\/catholiques17.fr\/saintes\/catechese-du-7-avril-le-sacrement-de-reconciliation\/","title":{"rendered":"Cat\u00e9ch\u00e8se du 7 avril &#8211; le Sacrement de R\u00e9conciliation"},"content":{"rendered":"\n<p class=\"has-background has-very-light-gray-background-color\"><strong><a href=\"https:\/\/catholiques17.fr\/saintes\/wp-content\/uploads\/sites\/3\/2020\/04\/Le-Sacrement-Reconciliation-en-temps-de-confinement.pdf\" target=\"_blank\" rel=\"noreferrer noopener\" aria-label=\"LE SACREMENT DE P\u00c9NITENCE EN TEMPS DE CONFINEMENT (s\u2019ouvre dans un nouvel onglet)\">LE SACREMENT DE P\u00c9NITENCE EN TEMPS DE CONFINEMENT<\/a><\/strong><\/p>\n\n\n\n<p><em>\u00abJ\u2019ai besoin du sacrement de <\/em><a href=\"https:\/\/liturgie.catholique.fr\/lexique\/reconciliation\"><em>r\u00e9conciliation<\/em><\/a><em>. Mes pasteurs\nne peuvent venir me voir pour que je puisse confesser mes p\u00e9ch\u00e9s. Que faire ?\u00bb <\/em>Ce message\nrejoint bien d\u2019autres re\u00e7us par les \u00e9v\u00eaques et les pr\u00eatres dans toutes les\nr\u00e9gions marqu\u00e9es par la crise sanitaire. Le confinement prive les catholiques de\nla possibilit\u00e9 habituelle de se confesser en ce temps de conversion qu\u2019est le <a href=\"https:\/\/liturgie.catholique.fr\/lexique\/careme\">Car\u00eame<\/a>. <\/p>\n\n\n\n<p class=\"has-background has-pale-cyan-blue-background-color\"><strong>La r\u00e9ponse du Pape Fran\u00e7ois<\/strong><\/p>\n\n\n\n<p>Dans son <a href=\"https:\/\/liturgie.catholique.fr\/lexique\/homelie\">hom\u00e9lie<\/a> de la <a href=\"https:\/\/liturgie.catholique.fr\/lexique\/messe\">M<\/a>esse du\nvendredi 20 mars \u00e0 la chapelle Sainte Marthe, le pape Fran\u00e7ois lui\u2011m\u00eame s\u2019est\nfait l\u2019\u00e9cho de cette difficult\u00e9 \u00e0 pouvoir vivre la <a href=\"https:\/\/liturgie.catholique.fr\/lexique\/confession\">confession<\/a> sacramentelle.<\/p>\n\n\n\n<p>Dans son&nbsp;<a href=\"https:\/\/liturgie.catholique.fr\/lexique\/homelie\">hom\u00e9lie<\/a>, le pape\nFran\u00e7ois rappelle en effet que <em>\u00able <\/em><a href=\"https:\/\/liturgie.catholique.fr\/lexique\/careme\"><em>Car\u00eame<\/em><\/a> <em>est toujours centr\u00e9 sur cette\nconversion du c\u0153ur qui, dans l\u2019habitude chr\u00e9tienne, prend forme dans le\nsacrement de la&nbsp;<\/em><a href=\"https:\/\/liturgie.catholique.fr\/lexique\/confession\"><em>Confession<\/em><\/a><em>. Il est temps -pas\nde \u00abr\u00e9gler les comptes\u00bb, je n\u2019aime pas cette expression\u2013 mais de laisser Dieu\nnous blanchir, nous purifier, nous embrasser\u00bb<\/em>. Mais que faire lorsque cette\nbonne habitude chr\u00e9tienne n\u2019est plus possible, en ce moment quand on ne peut\nquitter sa maison pour trouver un pr\u00eatre et qu\u2019il ne peut pas non plus venir\nchez soi ?<\/p>\n\n\n\n<p>La r\u00e9ponse du Pape est claire. \u00c9voquant ce que chacun\npeut lire dans le Cat\u00e9chisme de l\u2019\u00c9glise Catholique, il a dit : <em>\u00abSi tu ne\ntrouves pas un pr\u00eatre pour te confesser, parle \u00e0 Dieu ; Il est ton p\u00e8re, et\ndis-Lui la v\u00e9rit\u00e9 : \u00abSeigneur, j\u2019ai fait ceci, cela, cela \u2026 Pardonne-moi\u00bb, et\ndemande-Lui pardon de tout ton c\u0153ur, avec l\u2019Acte de contrition et promets-Lui :\n\u2018Je me confesserai plus tard, mais pardonne-moi maintenant\u2019. Et\nimm\u00e9diatement, vous reviendrez \u00e0 la gr\u00e2ce de Dieu. Vous pouvez vous-m\u00eame\napprocher, comme le Cat\u00e9chisme nous l\u2019enseigne, le pardon de Dieu sans avoir un\npr\u00eatre \u00e0 port\u00e9e de main. Pensez-y : c\u2019est le moment ! Et c\u2019est le bon moment,\nle moment opportun. Un acte douloureux bien fait, mais qui fera que notre \u00e2me\ndeviendra blanche comme neige\u00bb.<\/em><\/p>\n\n\n\n<p>Le pape fait ici allusion notamment <a href=\"http:\/\/www.vatican.va\/archive\/FRA0013\/_P4C.HTM\" target=\"_blank\" rel=\"noreferrer noopener\">au\nnum\u00e9ro 1484 du Cat\u00e9chisme<\/a>. Celui-ci indique que <em>\u00abla <\/em><a href=\"https:\/\/liturgie.catholique.fr\/lexique\/confession\"><em>confession<\/em><\/a> in<em>dividuelle et int\u00e9grale suivie de l\u2019<\/em><a href=\"https:\/\/liturgie.catholique.fr\/lexique\/absolution\"><em>absolution<\/em><\/a> <em>demeure le seul mode <\/em><a href=\"https:\/\/liturgie.catholique.fr\/lexique\/ordinaire\"><em>ordinaire<\/em><\/a> <em>par lequel les <\/em><a href=\"https:\/\/liturgie.catholique.fr\/lexique\/fideles\"><em>fid\u00e8les<\/em><\/a> <em>se r\u00e9concilient avec Dieu et\nl\u2019\u00c9glise\u00bb. <\/em>Ce mode correspond \u00e0 la bonne \u00abhabitude chr\u00e9tienne\u00bb dont\nparle le pape. Mais le cat\u00e9chisme pr\u00e9cise : <em>\u00absauf si une impossibilit\u00e9 physique\nou morale dispense d\u2019une telle <\/em><a href=\"https:\/\/liturgie.catholique.fr\/lexique\/confession\"><em>confession<\/em><\/a><em>\u00bb.<\/em><\/p>\n\n\n\n<p>Aux yeux du pape, si aucune rencontre personnelle avec un\npr\u00eatre n\u2019est possible -comme les conditions actuelles de confinement-\n\u00abdispensent\u00bb donc du mode <a href=\"https:\/\/liturgie.catholique.fr\/lexique\/ordinaire\">ordinaire<\/a>. Mais on lit\naussi dans l\u2019<a href=\"https:\/\/liturgie.catholique.fr\/lexique\/homelie\">hom\u00e9lie<\/a> que, pour bien vivre cette dispense, il convient de se\ndonner les moyens d\u2019un vrai dialogue avec le Seigneur pour lui demander pardon\net Lui promettre d\u2019aller se confesser plus tard. Le pape Fran\u00e7ois citait les\narticles 1451 et 1452 du&nbsp;<a href=\"http:\/\/www.vatican.va\/archive\/FRA0013\/_P48.HTM\">Cat\u00e9chisme de l\u2019Eglise catholique<\/a>, qui stipulent\nque la \u00ab<em>contrition \u2018parfaite\u2019 remet les fautes v\u00e9nielles ; elle obtient\naussi le pardon des p\u00e9ch\u00e9s mortels, si elle comporte la ferme r\u00e9solution de\nrecourir d\u00e8s que possible \u00e0 la confession sacramentelle<\/em>\u00bb.<\/p>\n\n\n\n<p class=\"has-background has-pale-cyan-blue-background-color\"><strong>Vivre un temps p\u00e9nitentiel personnel<\/strong><\/p>\n\n\n\n<p>Dans ces conditions inhabituelles, en attente de pouvoir\nse confesser, chaque catholique est invit\u00e9 \u00e0 vivre un temps p\u00e9nitentiel\npersonnel qui pourrait suivre le d\u00e9roulement suivant :<\/p>\n\n\n\n<ul class=\"wp-block-list\"><li>Se mettre \u00e0 part, dans un lieu o\u00f9 l\u2019on disposera une\n     <a href=\"https:\/\/liturgie.catholique.fr\/lexique\/croix\">croix<\/a>, une bougie\n     ou tout ce qui aide \u00e0 la pri\u00e8re.<\/li><li>Faire le signe de <a href=\"https:\/\/liturgie.catholique.fr\/lexique\/croix\">croix<\/a> et se mettre en pr\u00e9sence de\n     Dieu qui aime comme un p\u00e8re.<\/li><li>Lire un texte de la Parole de Dieu. Par exemple : <a href=\"https:\/\/www.aelf.org\/bible\/Os\/14\" target=\"_blank\" rel=\"noreferrer noopener\"><strong>Os\u00e9e 14, 2-10<\/strong><\/a> (le texte que le pape commentait dans l\u2019<a href=\"https:\/\/liturgie.catholique.fr\/lexique\/homelie\">hom\u00e9lie<\/a> du 20 mars) ou <a href=\"https:\/\/www.aelf.org\/bibles\/Lc\/15\" target=\"_blank\" rel=\"noreferrer noopener\"><strong>Lc 15,11-32<\/strong><\/a> (Le fils prodigue), <a href=\"https:\/\/www.aelf.org\/bible\/Jn\/21\" target=\"_blank\" rel=\"noreferrer noopener\"><strong>Jn21,15-19<\/strong><\/a> (\u00ab<em>Pierre, m\u2019aimes-tu <\/em>?\u00bb),\n     ou <a href=\"https:\/\/www.aelf.org\/bible\/1Jn\/3\" target=\"_blank\" rel=\"noreferrer noopener\"><strong>1 Jn 3, 11-24<\/strong><\/a> (\u00abA<em>imer en actes et en v\u00e9rit\u00e9<\/em>\u00bb) ou un autre texte, peut-\u00eatre\n     celui de la Messe du jour.<\/li><li>Prendre le temps de lui dire : <em>\u00abSeigneur, j\u2019ai\n     fait ceci, cela, cela \u2026 Pardonne-moi\u00bb.<\/em><\/li><li>Puis lui demander pardon <em>\u00abde tout mon c\u0153ur, avec\n     l\u2019Acte de contrition\u00bb : <\/em><\/li><\/ul>\n\n\n\n<p><em>\u00abMon Dieu, j\u2019ai un tr\u00e8s grand regret de vous avoir\noffens\u00e9 parce que vous \u00eates infiniment bon et que le p\u00e9ch\u00e9 vous d\u00e9pla\u00eet. Je\nprends la ferme r\u00e9solution, avec le secours de votre sainte gr\u00e2ce, de ne plus\nvous offenser et de faire p\u00e9nitence&nbsp;\u00bb.<\/em><\/p>\n\n\n\n<ul class=\"wp-block-list\"><li>Enfin lui promettre, \u00e0 haute voix si cela est\n     possible : \u00ab<em>Je me confesserai plus tard, mais pardonne-moi maintenant\u00bb.<\/em><\/li><li>Terminer par un <em>Notre P\u00e8re <\/em>pour Lui rendre\n     gr\u00e2ce et Lui confier en particulier tous ceux et celles qui souffrent le\n     plus dans leur corps, leur c\u0153ur ou leur \u00e2me.<\/li><\/ul>\n\n\n\n<p class=\"has-background has-pale-cyan-blue-background-color\"><strong>Ni par Internet, ni par t\u00e9l\u00e9phone\u2026<\/strong><\/p>\n\n\n\n<p><em>\u00abComme tous les sacrements, la p\u00e9nitence est une action\nliturgique\u00bb<\/em>, pr\u00e9cise le Cat\u00e9chisme peu avant le num\u00e9ro 1484. C\u2019est\nla raison pour laquelle il n\u2019est pas possible de se confesser par Internet ou\nt\u00e9l\u00e9phone. Peut-\u00eatre cette privation peut-elle aider \u00e0 red\u00e9couvrir que la vie\nde baptis\u00e9 r\u00e9concili\u00e9 \u00ab<em>se r\u00e9alise de multiples fa\u00e7ons<\/em>\u00bb : \u00aben communiant\npar sa patience aux souffrances du Christ\u00bb , \u00aben accomplissant des \u0153uvres de\nmis\u00e9ricorde et de charit\u00e9\u00bb, &nbsp;\u00aben se\nconvertissant chaque jour davantage\u00bb, &nbsp;etc., <a href=\"https:\/\/liturgie.catholique.fr\/accueil\/guerison-penitence-reconciliation-sacrements-malades\/sacrements-des-malades\/16674-sacrements-pour-les-malades-un-rituel-au-pluriel\/\">selon le Rituel du sacrement de la\np\u00e9nitence et de la r\u00e9conciliation<\/a>(n.8). Cependant, si certains\n\u00e9prouvent le besoin de parler, il est bien s\u00fbr possible d\u2019appeler le pr\u00eatre de\nsa paroisse pour avoir des nouvelles et \u00e9changer avec lui.<\/p>\n\n\n\n<p>&nbsp;&nbsp;&nbsp;&nbsp;&nbsp;&nbsp;&nbsp;&nbsp;&nbsp;&nbsp;&nbsp;&nbsp;&nbsp;&nbsp;&nbsp;&nbsp;&nbsp;&nbsp;&nbsp;&nbsp;&nbsp;&nbsp;&nbsp;&nbsp;&nbsp;&nbsp;&nbsp;&nbsp;&nbsp;&nbsp;&nbsp;&nbsp;&nbsp;&nbsp;&nbsp;&nbsp;&nbsp;&nbsp;&nbsp;&nbsp;&nbsp;&nbsp;&nbsp;&nbsp;&nbsp;&nbsp;&nbsp;&nbsp;&nbsp;&nbsp;&nbsp;&nbsp;&nbsp;&nbsp;&nbsp;&nbsp;&nbsp;&nbsp;&nbsp;&nbsp;&nbsp;&nbsp;&nbsp;&nbsp;&nbsp;&nbsp;&nbsp;&nbsp;&nbsp;&nbsp;&nbsp;&nbsp;&nbsp;&nbsp;&nbsp;&nbsp;&nbsp;&nbsp;&nbsp;&nbsp;&nbsp;&nbsp;&nbsp;&nbsp;&nbsp;&nbsp;&nbsp;&nbsp;&nbsp;&nbsp;&nbsp;&nbsp;&nbsp; P\u00e8re\nSergio PEREZ<\/p>\n","protected":false},"excerpt":{"rendered":"<p>LE SACREMENT DE P\u00c9NITENCE EN TEMPS DE CONFINEMENT \u00abJ\u2019ai besoin du sacrement de r\u00e9conciliation. Mes pasteurs ne peuvent venir me voir pour que je puisse confesser mes p\u00e9ch\u00e9s. Que faire [&hellip;]<\/p>\n","protected":false},"author":1,"featured_media":0,"comment_status":"open","ping_status":"open","sticky":false,"template":"","format":"standard","meta":{"_et_pb_use_builder":"","_et_pb_old_content":"","_et_gb_content_width":"","footnotes":""},"categories":[1],"tags":[],"class_list":["post-2821","post","type-post","status-publish","format-standard","hentry","category-non-classe"],"_links":{"self":[{"href":"https:\/\/catholiques17.fr\/saintes\/wp-json\/wp\/v2\/posts\/2821","targetHints":{"allow":["GET"]}}],"collection":[{"href":"https:\/\/catholiques17.fr\/saintes\/wp-json\/wp\/v2\/posts"}],"about":[{"href":"https:\/\/catholiques17.fr\/saintes\/wp-json\/wp\/v2\/types\/post"}],"author":[{"embeddable":true,"href":"https:\/\/catholiques17.fr\/saintes\/wp-json\/wp\/v2\/users\/1"}],"replies":[{"embeddable":true,"href":"https:\/\/catholiques17.fr\/saintes\/wp-json\/wp\/v2\/comments?post=2821"}],"version-history":[{"count":0,"href":"https:\/\/catholiques17.fr\/saintes\/wp-json\/wp\/v2\/posts\/2821\/revisions"}],"wp:attachment":[{"href":"https:\/\/catholiques17.fr\/saintes\/wp-json\/wp\/v2\/media?parent=2821"}],"wp:term":[{"taxonomy":"category","embeddable":true,"href":"https:\/\/catholiques17.fr\/saintes\/wp-json\/wp\/v2\/categories?post=2821"},{"taxonomy":"post_tag","embeddable":true,"href":"https:\/\/catholiques17.fr\/saintes\/wp-json\/wp\/v2\/tags?post=2821"}],"curies":[{"name":"wp","href":"https:\/\/api.w.org\/{rel}","templated":true}]}}