{"id":2816,"date":"2020-04-06T10:21:04","date_gmt":"2020-04-06T08:21:04","guid":{"rendered":"https:\/\/catholiques17.fr\/saintes\/?p=2816"},"modified":"2020-04-06T10:21:04","modified_gmt":"2020-04-06T08:21:04","slug":"catechese-du-6-avril-la-semaine-sainte","status":"publish","type":"post","link":"https:\/\/catholiques17.fr\/saintes\/catechese-du-6-avril-la-semaine-sainte\/","title":{"rendered":"Cat\u00e9ch\u00e8se du 6 avril &#8211; la Semaine Sainte"},"content":{"rendered":"\n<p><a rel=\"noreferrer noopener\" aria-label=\"Comment vivre la Semaine Sainte ? (s\u2019ouvre dans un nouvel onglet)\" href=\"https:\/\/catholiques17.fr\/saintes\/wp-content\/uploads\/sites\/3\/2020\/04\/Comment-vivre-la-Semaine-Sainte.pdf\" target=\"_blank\">Comment vivre la Semaine Sainte ?<\/a><\/p>\n\n\n\n<p class=\"has-background has-pale-cyan-blue-background-color\"><strong>Qu\u2019est-ce que la Semaine sainte&nbsp;? <\/strong><\/p>\n\n\n\n<p>C&rsquo;\u00e9tait la semaine avant la mort de J\u00e9sus. Une semaine o\u00f9\nIl a partag\u00e9 ses derni\u00e8res pens\u00e9es et fait ses adieux. Une semaine pour dire \u00e0\nses disciples \u00ab\u00a0Je vous aime\u00a0\u00bb une derni\u00e8re fois.<\/p>\n\n\n\n<p>Ce fut une semaine pleine de douleurs et de promesses,\nqui se termina par un dernier cri rempli de douleurs : \u201cTout est accompli.\u201d\nAvec un dernier souffle, J\u00e9sus est devenu notre sacrifice ultime. Et gr\u00e2ce \u00e0\nSon pouvoir sur la mort, nous pouvons maintenant passer de la mort \u00e0 la vie.<\/p>\n\n\n\n<p>Semaine\nde gr\u00e2ce, semaine pendant laquelle Dieu d\u00e9verse son amour sur son \u00c9glise et, \u00e0\ntravers Elle, sur le monde entier. Il faut ouvrir nos c\u0153urs pour recevoir cet\namour et r\u00e9pandre son odeur autour de nous. <\/p>\n\n\n\n<h1 class=\"has-vivid-red-color has-text-color wp-block-heading\"><strong>Petit guide pour\ncomprendre chaque jour de la Semaine sainte<\/strong><\/h1>\n\n\n\n<p>La Semaine Sainte s\u2019ach\u00e8ve toujours\nen apoth\u00e9ose le jour de P\u00e2ques. Cependant, on peut \u00eatre un peu d\u00e9rout\u00e9 par la\nmultitude de c\u00e9l\u00e9brations de la Semaine Sainte. Quel est leur sens ? Ce petit\nguide qui d\u00e9taille chaque jour de la Semaine Sainte peut vous aider.<\/p>\n\n\n\n<h3 class=\"wp-block-heading\"><strong>&nbsp;<\/strong><\/h3>\n\n\n\n<h3 class=\"has-vivid-cyan-blue-color has-text-color wp-block-heading\"><strong>Dimanche des Rameaux<\/strong><\/h3>\n\n\n\n<p>Cette f\u00eate, qui fait m\u00e9moire de l\u2019entr\u00e9e triomphale de\nJ\u00e9sus \u00e0 J\u00e9rusalem, inaugure la Semaine Sainte. L\u2019Evangile nous raconte que\nJ\u00e9sus entre dans la ville sur le dos d\u2019une \u00e2nesse et que la foule l\u2019acclame\navec des feuilles de palmiers. Sous nos latitudes, les feuilles de palmiers\nsont souvent remplac\u00e9es par des branches de buis. Faute de grives on mange des\nmerles&nbsp;! \u00c0 la messe, ce jour-l\u00e0, la communaut\u00e9 chr\u00e9tienne se rem\u00e9more cet\n\u00e9v\u00e9nement avec une procession dans l\u2019\u00e9glise et une b\u00e9n\u00e9diction solennelle des\nrameaux. Pendant la c\u00e9l\u00e9bration, on lit \u00e9galement le r\u00e9cit de la Passion.<\/p>\n\n\n\n<h3 class=\"wp-block-heading\"><strong>&nbsp;<\/strong><\/h3>\n\n\n\n<h3 class=\"has-vivid-cyan-blue-color has-text-color wp-block-heading\"><strong>Lundi Saint<\/strong><\/h3>\n\n\n\n<p>Il n\u2019y a pas de liturgie particuli\u00e8re ce jour-l\u00e0. Dans le\nr\u00e9cit de la Semaine Sainte, J\u00e9sus rend visite \u00e0 ses amis de B\u00e9thanie et Marie\nle parfume d\u2019huile pr\u00e9cieuse, comme pour le pr\u00e9parer \u00e0 son ensevelissement.\nPendant <a href=\"https:\/\/fr.aleteia.org\/2017\/04\/11\/quest-ce-que-la-messe-chrismale\/\" target=\"_blank\" rel=\"noreferrer noopener\">la Messe\nchrismale<\/a> (du grec \u201c <em>khrisma<\/em> \u201c signifiant \u201conction d\u2019huile\u201d),\nl\u2019\u00e9v\u00eaque r\u00e9unit autour de lui les pr\u00eatres du dioc\u00e8se et consacre les huiles\nsaintes qui seront utilis\u00e9es pour les sacrements durant l\u2019ann\u00e9e \u00e0 venir. Chaque\nparoisse re\u00e7oit alors sa provision annuelle d\u2019huiles. Un plein de carburant\nliturgique. Cette Messe est traditionnellement c\u00e9l\u00e9br\u00e9e le Jeudi Saint au matin\nmais elle peut \u00e9galement avoir lieu les jours qui pr\u00e9c\u00e8dent.<\/p>\n\n\n\n<h3 class=\"has-vivid-cyan-blue-color has-text-color wp-block-heading\"><strong>\u00a0Mardi Saint<\/strong><\/h3>\n\n\n\n<p>On approche de la Passion du Christ. Ce jour-l\u00e0, la Liturgie\nse concentre sur J\u00e9sus annon\u00e7ant la trahison de Judas et le d\u00e9ni de Pierre.<\/p>\n\n\n\n<h3 class=\"has-vivid-cyan-blue-color has-text-color wp-block-heading\"><strong>Mercredi Saint<\/strong><\/h3>\n\n\n\n<p>Alors qu\u2019il s\u2019appr\u00eate \u00e0 trahir J\u00e9sus, Judas rend visite\naux pr\u00eatres du Temple et promet de le leur livrer en \u00e9change de trente pi\u00e8ces\nd\u2019argent. Cette journ\u00e9e fait traditionnellement r\u00e9f\u00e9rence \u00e0 la d\u00e9loyaut\u00e9 de\nJudas.<\/p>\n\n\n\n<h3 class=\"has-vivid-cyan-blue-color has-text-color wp-block-heading\"><strong>\u00a0Jeudi Saint<\/strong><\/h3>\n\n\n\n<p>C\u2019est la f\u00eate de l\u2019Eucharistie, et donc des pr\u00eatres. On y\nfait m\u00e9moire du dernier repas de J\u00e9sus avec ses disciples. La messe du Jeudi Saint\nest parfois appel\u00e9e \u2018mandatum\u2019 (mot latin signifiant <em>commandement<\/em>) en\nr\u00e9f\u00e9rence au Christ qui, lavant les pieds de ses ap\u00f4tres, leur a recommand\u00e9 de\ns\u2019aimer les uns les autres. En effet, lorsqu\u2019on lave les pieds de quelqu\u2019un, on\ns\u2019abaisse devant lui et ce geste d\u2019humilit\u00e9 peut \u00eatre interpr\u00e9t\u00e9 comme un\nt\u00e9moignage d\u2019amour. Tr\u00e8s souvent, le c\u00e9l\u00e9brant reproduit cela au cours de la\nc\u00e9l\u00e9bration. <\/p>\n\n\n\n<p>\u00c0 la fin de la Messe, le Saint-Sacrement est port\u00e9 en\nprocession jusqu\u2019\u00e0 un lieu appel\u00e9 le reposoir. Ceux qui le souhaitent sont\ninvit\u00e9s \u00e0 venir y prier en silence pour s\u2019associer \u00e0 l\u2019agonie de J\u00e9sus au\nJardin des Oliviers. Une fa\u00e7on de veiller avec lui dans la nuit. On peut\n\u00e9galement lire \u00e0 voix haute les derni\u00e8res paroles du Christ \u00e0 ses disciples (Jn\n13,31 \u2013 17,26). On \u00f4te nappes et ornements de l\u2019\u00e9glise et on voile croix et\nstatues. A partir de l\u00e0, les cloches se taisent jusqu\u2019\u00e0 P\u00e2ques.<\/p>\n\n\n\n<h3 class=\"has-vivid-cyan-blue-color has-text-color wp-block-heading\"><strong>Vendredi Saint <\/strong><\/h3>\n\n\n\n<p>J\u00e9sus est amen\u00e9 devant Ponce Pilate puis il est condamn\u00e9\n\u00e0 mort. Il porte sa croix avant d\u2019\u00eatre crucifi\u00e9 sur un lieu que l\u2019\u00c9vangile\nnomme \u00ab&nbsp;Golgotha&nbsp;\u00bb, c\u2019est-\u00e0-dire \u00ab&nbsp;lieu du cr\u00e2ne&nbsp;\u00bb. Ce\njour-l\u00e0, aucune Messe n\u2019est c\u00e9l\u00e9br\u00e9e. <\/p>\n\n\n\n<p>Le Chemin de Croix nous permet de revivre les \u00e9v\u00e9nements\nde la Passion de J\u00e9sus et de r\u00e9fl\u00e9chir au sens de ces \u00e9v\u00e9nements.<\/p>\n\n\n\n<p>Lors de l\u2019Office de la Croix, g\u00e9n\u00e9ralement c\u00e9l\u00e9br\u00e9 entre\n12h00 et 15h00, on lit le r\u00e9cit de la Passion et on propose aux fid\u00e8les de\ns\u2019avancer pour v\u00e9n\u00e9rer la Croix en la touchant ou en l\u2019embrassant. On peut\n\u00e9galement recevoir la communion car des hosties, consacr\u00e9es le Jeudi saint, ont\n\u00e9t\u00e9 r\u00e9serv\u00e9es \u00e0 cet effet. Une collecte pour la Terre sainte permet de\nrassembler des fonds pour les chr\u00e9tiens du Moyen-Orient. Le Vendredi Saint est\nun jour de je\u00fbne et d\u2019abstinence.<\/p>\n\n\n\n<h3 class=\"has-vivid-cyan-blue-color has-text-color wp-block-heading\"><strong>Samedi Saint<\/strong><\/h3>\n\n\n\n<p>C\u2019est un jour d\u2019attente. On dit que J\u00e9sus est descendu\nparmi les morts pour ramener vers le Ciel les \u00e2mes justes mortes avant son\nsacrifice. Le soir, la Vigile Pascale a lieu entre le coucher du soleil du\nSamedi Saint et le lever du soleil de P\u00e2ques. La procession de la lumi\u00e8re\npermet aux fid\u00e8les d\u2019entrer dans l\u2019\u00e9glise, alors plong\u00e9e dans l\u2019obscurit\u00e9, et\nle nouveau cierge pascal est allum\u00e9. La liturgie de la Parole rappelle toute\nl\u2019histoire du Salut et les cat\u00e9chum\u00e8nes re\u00e7oivent le bapt\u00eame. On retrouve avec\nbonheur l\u2019<em>Alleluia<\/em> et le <em>Gloria<\/em>. Les cloches des \u00e9glises se\nremettent enfin \u00e0 sonner pour le plaisir de tous, et en particulier des\ndormeurs.<\/p>\n\n\n\n<h3 class=\"has-vivid-cyan-blue-color has-text-color wp-block-heading\"><strong>\u00a0Dimanche de P\u00e2ques<\/strong><\/h3>\n\n\n\n<p>Le Christ est ressuscit\u00e9, Il est vraiment ressuscit\u00e9 ! La\njourn\u00e9e de P\u00e2ques est joyeuse et la Liturgie en est l\u2019image vivante. Beaux\nchants, fleurs et d\u00e9corations viennent l\u2019embellir. Lors de cette messe, on voit\nsouvent un renouvellement des promesses baptismales et le pr\u00eatre b\u00e9nit les\nfid\u00e8les en les aspergeant d\u2019eau b\u00e9nite. Le dimanche de P\u00e2ques inaugure le temps\npascal qui dure cinquante jours et se cl\u00f4t avec la Pentec\u00f4te.<\/p>\n","protected":false},"excerpt":{"rendered":"<p>Comment vivre la Semaine Sainte ? Qu\u2019est-ce que la Semaine sainte&nbsp;? C&rsquo;\u00e9tait la semaine avant la mort de J\u00e9sus. Une semaine o\u00f9 Il a partag\u00e9 ses derni\u00e8res pens\u00e9es et fait [&hellip;]<\/p>\n","protected":false},"author":1,"featured_media":0,"comment_status":"open","ping_status":"open","sticky":false,"template":"","format":"standard","meta":{"_et_pb_use_builder":"","_et_pb_old_content":"","_et_gb_content_width":"","footnotes":""},"categories":[1],"tags":[],"class_list":["post-2816","post","type-post","status-publish","format-standard","hentry","category-non-classe"],"_links":{"self":[{"href":"https:\/\/catholiques17.fr\/saintes\/wp-json\/wp\/v2\/posts\/2816","targetHints":{"allow":["GET"]}}],"collection":[{"href":"https:\/\/catholiques17.fr\/saintes\/wp-json\/wp\/v2\/posts"}],"about":[{"href":"https:\/\/catholiques17.fr\/saintes\/wp-json\/wp\/v2\/types\/post"}],"author":[{"embeddable":true,"href":"https:\/\/catholiques17.fr\/saintes\/wp-json\/wp\/v2\/users\/1"}],"replies":[{"embeddable":true,"href":"https:\/\/catholiques17.fr\/saintes\/wp-json\/wp\/v2\/comments?post=2816"}],"version-history":[{"count":0,"href":"https:\/\/catholiques17.fr\/saintes\/wp-json\/wp\/v2\/posts\/2816\/revisions"}],"wp:attachment":[{"href":"https:\/\/catholiques17.fr\/saintes\/wp-json\/wp\/v2\/media?parent=2816"}],"wp:term":[{"taxonomy":"category","embeddable":true,"href":"https:\/\/catholiques17.fr\/saintes\/wp-json\/wp\/v2\/categories?post=2816"},{"taxonomy":"post_tag","embeddable":true,"href":"https:\/\/catholiques17.fr\/saintes\/wp-json\/wp\/v2\/tags?post=2816"}],"curies":[{"name":"wp","href":"https:\/\/api.w.org\/{rel}","templated":true}]}}