{"id":2809,"date":"2020-04-06T08:57:05","date_gmt":"2020-04-06T06:57:05","guid":{"rendered":"https:\/\/catholiques17.fr\/saintes\/?p=2809"},"modified":"2020-04-06T08:57:05","modified_gmt":"2020-04-06T06:57:05","slug":"benediction-de-saintes-5-avril-2020","status":"publish","type":"post","link":"https:\/\/catholiques17.fr\/saintes\/benediction-de-saintes-5-avril-2020\/","title":{"rendered":"B\u00e9n\u00e9diction de Saintes (5 Avril 2020)"},"content":{"rendered":"\n<p>Apr\u00e8s la messe des Rameaux, c\u00e9l\u00e9br\u00e9e \u00e0 huis-clos \u00e0 la Cath\u00e9drale Saint Pierre, le P\u00e8re Sergio a port\u00e9 le Saint Sacrement dans les rues de la vieille ville de Saintes, jusqu&rsquo;\u00e0 l&rsquo;esplanade de la Providence. En pleine \u00e9pid\u00e9mie de Coronavirus, il a pri\u00e9 pour les malades et les soignants et b\u00e9ni la ville.<\/p>\n\n\n\n<p>Retrouvez ci-dessous les images de cette b\u00e9n\u00e9diction et le texte des pri\u00e8res lues \u00e0 cette occasion<\/p>\n\n\n\n<figure class=\"wp-block-embed-youtube wp-block-embed is-type-video is-provider-youtube wp-embed-aspect-16-9 wp-has-aspect-ratio\"><div class=\"wp-block-embed__wrapper\">\n<iframe loading=\"lazy\" title=\"B\u00e9n\u00e9diction Saintes (5 Avril 2020)\" width=\"1080\" height=\"608\" src=\"https:\/\/www.youtube.com\/embed\/Y6-e8VSqKIE?feature=oembed\"  allow=\"accelerometer; autoplay; clipboard-write; encrypted-media; gyroscope; picture-in-picture\" allowfullscreen><\/iframe>\n<\/div><\/figure>\n","protected":false},"excerpt":{"rendered":"<p>Apr\u00e8s la messe des Rameaux, c\u00e9l\u00e9br\u00e9e \u00e0 huis-clos \u00e0 la Cath\u00e9drale Saint Pierre, le P\u00e8re Sergio a port\u00e9 le Saint Sacrement dans les rues de la vieille ville de Saintes, [&hellip;]<\/p>\n","protected":false},"author":6,"featured_media":2812,"comment_status":"open","ping_status":"open","sticky":true,"template":"","format":"standard","meta":{"_et_pb_use_builder":"","_et_pb_old_content":"","_et_gb_content_width":"","footnotes":""},"categories":[1],"tags":[],"class_list":["post-2809","post","type-post","status-publish","format-standard","has-post-thumbnail","hentry","category-non-classe"],"_links":{"self":[{"href":"https:\/\/catholiques17.fr\/saintes\/wp-json\/wp\/v2\/posts\/2809","targetHints":{"allow":["GET"]}}],"collection":[{"href":"https:\/\/catholiques17.fr\/saintes\/wp-json\/wp\/v2\/posts"}],"about":[{"href":"https:\/\/catholiques17.fr\/saintes\/wp-json\/wp\/v2\/types\/post"}],"author":[{"embeddable":true,"href":"https:\/\/catholiques17.fr\/saintes\/wp-json\/wp\/v2\/users\/6"}],"replies":[{"embeddable":true,"href":"https:\/\/catholiques17.fr\/saintes\/wp-json\/wp\/v2\/comments?post=2809"}],"version-history":[{"count":0,"href":"https:\/\/catholiques17.fr\/saintes\/wp-json\/wp\/v2\/posts\/2809\/revisions"}],"wp:featuredmedia":[{"embeddable":true,"href":"https:\/\/catholiques17.fr\/saintes\/wp-json\/wp\/v2\/media\/2812"}],"wp:attachment":[{"href":"https:\/\/catholiques17.fr\/saintes\/wp-json\/wp\/v2\/media?parent=2809"}],"wp:term":[{"taxonomy":"category","embeddable":true,"href":"https:\/\/catholiques17.fr\/saintes\/wp-json\/wp\/v2\/categories?post=2809"},{"taxonomy":"post_tag","embeddable":true,"href":"https:\/\/catholiques17.fr\/saintes\/wp-json\/wp\/v2\/tags?post=2809"}],"curies":[{"name":"wp","href":"https:\/\/api.w.org\/{rel}","templated":true}]}}