{"id":2784,"date":"2020-04-04T10:11:33","date_gmt":"2020-04-04T08:11:33","guid":{"rendered":"https:\/\/catholiques17.fr\/saintes\/?p=2784"},"modified":"2020-04-04T10:11:33","modified_gmt":"2020-04-04T08:11:33","slug":"homelie-dimanche-des-rameaux-5-avril","status":"publish","type":"post","link":"https:\/\/catholiques17.fr\/saintes\/homelie-dimanche-des-rameaux-5-avril\/","title":{"rendered":"Hom\u00e9lie dimanche des Rameaux &#8211; 5 avril"},"content":{"rendered":"\n<p><strong><a href=\"https:\/\/catholiques17.fr\/saintes\/wp-content\/uploads\/sites\/3\/2020\/04\/Homelie-Dimanche-des-Rameaux-5-avril-2020.pdf\" target=\"_blank\" rel=\"noreferrer noopener\" aria-label=\"DIMANCHE DE LA PASSION DE CHRIST (s\u2019ouvre dans un nouvel onglet)\">DIMANCHE DE LA PASSION DE CHRIST<\/a><\/strong><\/p>\n\n\n\n<p>&nbsp;&nbsp;&nbsp;&nbsp;&nbsp;&nbsp;&nbsp;&nbsp;&nbsp;&nbsp;&nbsp; Nous sommes entr\u00e9s dans la Semaine\nSainte. Nous avons proclam\u00e9 l\u2019\u00e9vangile de la Passion. Nous l\u2019avons re\u00e7u dans\ntoute sa simplicit\u00e9 ; dans toute sa force. Entre le C\u00e9nacle et le Calvaire, un\nappel se fait entendre, qui oriente cette semaine de conversion : \u00ab<em>Veillez et priez afin de ne pas tomber au\npouvoir de la tentation ; l\u2019esprit est plein d\u2019ardeur, mais la chair est faible<\/em>\u00bb.\nJ\u00e9sus s\u2019adressait \u00e0 ses compagnons accabl\u00e9s de fatigue et de tristesse ; mais nous\npouvons ais\u00e9ment nous reconna\u00eetre en eux.<\/p>\n\n\n\n<p>&nbsp;&nbsp;&nbsp;&nbsp;&nbsp;&nbsp;&nbsp;&nbsp;&nbsp;&nbsp;&nbsp; La Passion de J\u00e9sus-Christ n\u2019est pas\nun \u00e9v\u00e9nement du pass\u00e9 ; c\u2019est un drame toujours actuel ; et les premiers\nacteurs en sont encore vivants : ils revivent en chacun de nous :<\/p>\n\n\n\n<p>* Il y a d\u2019abord <strong><em>la\nfoule<\/em><\/strong>, influen\u00e7able et versatile, qui accueille aujourd\u2019hui J\u00e9sus avec\ndes cris de joie aux portes de la Ville pour le faire Roi, et qui Vendredi\nprochain r\u00e9clamera sa mort hors des portes de la Ville.<\/p>\n\n\n\n<p>* Il y a <strong><em>des\nap\u00f4tres<\/em><\/strong> qui pensent que J\u00e9sus va \u201cprendre le pouvoir\u201d, leur donner un\nposte dans son gouvernement ; ce sont eux qui vont sommeiller pendant l\u2019agonie\net s\u2019enfuir pendant le supplice.<\/p>\n\n\n\n<p>* Il y a <strong><em>Judas<\/em><\/strong>,\n\u201ccelui qui devait le trahir\u201d, figure inqui\u00e8te et inqui\u00e9tante, patron de tous\nceux qui n\u2019aiment pas. <\/p>\n\n\n\n<p>* Il y a <strong><em>Ponce\nPilate<\/em><\/strong> le haut fonctionnaire qui ne veut pas d\u2019histoire, plus l\u00e2che que\nm\u00e9chant. <\/p>\n\n\n\n<p>* Il y a <strong><em>Ca\u00efphe<\/em><\/strong>\nle grand-pr\u00eatre politicien qui malgr\u00e9 ses tares conserve le charisme\nproph\u00e9tique attach\u00e9 \u00e0 sa fonction et d\u00e9clare dans un oracle \u2013dont il ne saisit\npas lui-m\u00eame la port\u00e9e- qu\u2019 \u201c<em>il est bon\nqu\u2019un seul homme meure pour la multitude<\/em>\u201d.<\/p>\n\n\n\n<p>* Il y a <strong><em>Simon\nle Cyr\u00e9n\u00e9en<\/em><\/strong>, un brave homme qui, \u00e0 la fin d\u2019une matin\u00e9e de travail, est\nr\u00e9quisitionn\u00e9 pour porter la croix du Christ, ne pensant pas que par cette\nheure <em>suppl\u00e9mentaire, <\/em>il aidait Dieu\ndans sa r\u00e9demption du monde.<\/p>\n\n\n\n<p>* Il y a <strong><em>Joseph\nd\u2019Arimathie<\/em><\/strong>, un notable qui ne veut pas se compromettre, mais qui\nviendra pour la s\u00e9pulture. <\/p>\n\n\n\n<p>* Il y a, enfin, <strong><em>Pierre<\/em><\/strong>,\ntendre et faible, fid\u00e8le et l\u00e2che, qui suit de loin pour voir comment tout cela\nva finir.<\/p>\n\n\n\n<p>&nbsp;&nbsp;&nbsp;&nbsp;&nbsp;&nbsp;&nbsp;&nbsp;&nbsp;&nbsp;&nbsp; <strong><em>Ces diff\u00e9rents acteurs<\/em><\/strong> d\u00e9finissent <strong><em>les\ndiverses attitudes possibles<\/em><\/strong> \u00e0 l\u2019\u00e9gard de J\u00e9sus : <\/p>\n\n\n\n<p>* <strong><em>Chr\u00e9tiens\nti\u00e8des<\/em><\/strong> qui suivent de loin, pr\u00eats \u00e0 l\u00e2cher au moindre incident. <\/p>\n\n\n\n<p>* <strong><em>Fonctionnaires\nchr\u00e9tiens<\/em><\/strong> qui tiennent \u00e0 leur situation plus qu\u2019\u00e0 la V\u00e9rit\u00e9.<\/p>\n\n\n\n<p>* <strong><em>Militants\nchr\u00e9tiens <\/em><\/strong>-de droite ou de gauche- engag\u00e9s dans l\u2019Eglise comme en un\nmouvement social ou un parti politique et non pas comme le Corps mystique de\nJ\u00e9sus. <\/p>\n\n\n\n<p>* <strong><em>Non-chr\u00e9tiens<\/em><\/strong>\nqui, sans le savoir, aident J\u00e9sus \u00e0 porter sa croix. <\/p>\n\n\n\n<p>&nbsp;&nbsp;&nbsp;&nbsp;&nbsp;&nbsp;&nbsp;&nbsp;&nbsp;&nbsp;&nbsp; En face \u00e0 ses personnages, il y a <strong><em>J\u00e9sus toujours vivant <\/em><\/strong>:<\/p>\n\n\n\n<p>* Tous les hommes\ntrahis par leur entourage, reni\u00e9s par leurs amis, victimes de la soci\u00e9t\u00e9.<\/p>\n\n\n\n<p>* Tous les hommes\naffam\u00e9s, assoiff\u00e9s, auxquels on refuse le morceau de pain, le bol de riz ou le\nverre d\u2019eau qui le sauverait.<\/p>\n\n\n\n<p>* Tous les hommes qui\nsouffrent de froid et manquent de v\u00eatements, tous les hommes sans toit qui\nn\u2019ont pas o\u00f9 reposer leur t\u00eate.<\/p>\n\n\n\n<p>* Tous les hommes qui\ntombent sous leur croix et que personne ne rel\u00e8ve.<\/p>\n\n\n\n<p>* Tous les \u00e9trangers\nqu\u2019on refuse d\u2019accueillir ; tous les malades et tous les prisonniers que\npersonne ne visite.<\/p>\n\n\n\n<p>* Tous les hommes\nrejet\u00e9s, condamn\u00e9s, supplici\u00e9s, tous ceux qui dans leur solitude peuvent dire\navec J\u00e9sus : \u201c<em>Mon Dieu, mon Dieu,\npourquoi m\u2019as-Tu abandonn\u00e9 <\/em>?<\/p>\n\n\n\n<p>&nbsp;&nbsp;&nbsp;&nbsp;&nbsp;&nbsp;&nbsp;&nbsp;&nbsp;&nbsp;&nbsp; Notre attitude \u00e0 leur \u00e9gard doit\n\u00eatre celle que nous aurions \u00e0 l\u2019\u00e9gard du Christ Lui-m\u00eame, puisque Christ vit en\neux. <\/p>\n\n\n\n<p>&nbsp;&nbsp;&nbsp;&nbsp;&nbsp;&nbsp;&nbsp;&nbsp;&nbsp;&nbsp;&nbsp; \u00ab<em>Veillez\net priez afin de ne pas tomber au pouvoir de la tentation. L\u2019esprit est plein\nd\u2019ardeur, mais la chair est faible<\/em>\u00bb. L\u2019avertissement de J\u00e9sus appelle la\nr\u00e9ponse de notre pri\u00e8re la plus ardente ; il fait rena\u00eetre, dans un \u00e9lan\nrenouvel\u00e9, notre d\u00e9sir d\u2019\u00eatre avec J\u00e9sus et de demeurer avec Lui ; Il ravive\nnotre volont\u00e9 de partager la fid\u00e9lit\u00e9 de la Vierge Marie et des saintes femmes,\nsigne et r\u00e9alit\u00e9 de la fid\u00e9lit\u00e9 de l\u2019\u00c9glise-\u00c9pouse au pied de la Croix. <\/p>\n\n\n\n<p>&nbsp;&nbsp;&nbsp;&nbsp;&nbsp;&nbsp;&nbsp;&nbsp;&nbsp;&nbsp;&nbsp; \u00ab<em>Veillez\net priez<\/em>\u00bb, demande le Seigneur alors qu\u2019il s\u2019enfonce dans une solitude qui\nest sa souffrance la plus profonde en son Agonie et sa Passion. Ce c\u0153ur si doux\net si humble est abandonn\u00e9 de tous. \u00c0 la Croix, le p\u00e9ch\u00e9 des hommes atteint son\nsommet : \u00abl\u2019amour n\u2019est pas aim\u00e9 !\u00bb.<\/p>\n\n\n\n<p>&nbsp;&nbsp;&nbsp;&nbsp;&nbsp;&nbsp;&nbsp;&nbsp;&nbsp;&nbsp;&nbsp; <strong><em>La Passion n\u2019est donc pas achev\u00e9e<\/em><\/strong>.\nLe Proc\u00e8s \u00e0 J\u00e9sus est en cours. Avec les paroles de Blaise Pascal : \u201c<em>J\u00e9sus\nagonise jusqu\u2019\u00e0 la fin du monde ; il ne faut pas dormir pendant ce temps-l\u00e0<\/em>\u201d.\n<\/p>\n","protected":false},"excerpt":{"rendered":"<p>DIMANCHE DE LA PASSION DE CHRIST &nbsp;&nbsp;&nbsp;&nbsp;&nbsp;&nbsp;&nbsp;&nbsp;&nbsp;&nbsp;&nbsp; Nous sommes entr\u00e9s dans la Semaine Sainte. Nous avons proclam\u00e9 l\u2019\u00e9vangile de la Passion. Nous l\u2019avons re\u00e7u dans toute sa simplicit\u00e9 ; dans [&hellip;]<\/p>\n","protected":false},"author":1,"featured_media":0,"comment_status":"open","ping_status":"open","sticky":false,"template":"","format":"standard","meta":{"_et_pb_use_builder":"","_et_pb_old_content":"","_et_gb_content_width":"","footnotes":""},"categories":[1],"tags":[],"class_list":["post-2784","post","type-post","status-publish","format-standard","hentry","category-non-classe"],"_links":{"self":[{"href":"https:\/\/catholiques17.fr\/saintes\/wp-json\/wp\/v2\/posts\/2784","targetHints":{"allow":["GET"]}}],"collection":[{"href":"https:\/\/catholiques17.fr\/saintes\/wp-json\/wp\/v2\/posts"}],"about":[{"href":"https:\/\/catholiques17.fr\/saintes\/wp-json\/wp\/v2\/types\/post"}],"author":[{"embeddable":true,"href":"https:\/\/catholiques17.fr\/saintes\/wp-json\/wp\/v2\/users\/1"}],"replies":[{"embeddable":true,"href":"https:\/\/catholiques17.fr\/saintes\/wp-json\/wp\/v2\/comments?post=2784"}],"version-history":[{"count":0,"href":"https:\/\/catholiques17.fr\/saintes\/wp-json\/wp\/v2\/posts\/2784\/revisions"}],"wp:attachment":[{"href":"https:\/\/catholiques17.fr\/saintes\/wp-json\/wp\/v2\/media?parent=2784"}],"wp:term":[{"taxonomy":"category","embeddable":true,"href":"https:\/\/catholiques17.fr\/saintes\/wp-json\/wp\/v2\/categories?post=2784"},{"taxonomy":"post_tag","embeddable":true,"href":"https:\/\/catholiques17.fr\/saintes\/wp-json\/wp\/v2\/tags?post=2784"}],"curies":[{"name":"wp","href":"https:\/\/api.w.org\/{rel}","templated":true}]}}