{"id":2780,"date":"2020-04-04T08:03:33","date_gmt":"2020-04-04T06:03:33","guid":{"rendered":"https:\/\/catholiques17.fr\/saintes\/?p=2780"},"modified":"2020-04-04T08:03:33","modified_gmt":"2020-04-04T06:03:33","slug":"catechese-du-4-avril-les-rameaux","status":"publish","type":"post","link":"https:\/\/catholiques17.fr\/saintes\/catechese-du-4-avril-les-rameaux\/","title":{"rendered":"Cat\u00e9ch\u00e8se du 4 avril &#8211; les Rameaux"},"content":{"rendered":"\n<p><a rel=\"noreferrer noopener\" aria-label=\"Quels seront nos Rameaux cette ann\u00e9e ? (s\u2019ouvre dans un nouvel onglet)\" href=\"https:\/\/catholiques17.fr\/saintes\/wp-content\/uploads\/sites\/3\/2020\/04\/Quels-seront-nos-rameaux-cette-anne.pdf\" target=\"_blank\">Quels seront nos Rameaux cette ann\u00e9e ?<\/a><\/p>\n\n\n\n<p class=\"has-background has-pale-cyan-blue-background-color\"><strong>QUELS\nSERONT NOS RAMEAUX CETTE ANN\u00c9E ?<\/strong><\/p>\n\n\n\n<p><em>En ces temps de confinement, les chr\u00e9tiens s\u2019appr\u00eatent \u00e0 vivre un dimanche\ndes Rameaux particulier. Ni procession ni messe, qui attirent pourtant chaque\nann\u00e9e de tr\u00e8s nombreux fid\u00e8les munis de branches de buis. Mais ce n\u2019est pas\npour autant qu\u2019ils ne pourront pas faire de la semaine qui s\u2019ouvre une vraie\nSemaine sainte.<\/em><\/p>\n\n\n\n<p><em>La procession des Rameaux inaugure la Semaine sainte<\/em>. <em>J\u00e9sus est\npr\u00e9sent et agissant dans la Liturgie de l\u2019\u00c9glise<\/em>. Si la Liturgie \u00e9voque le\npass\u00e9, cette pr\u00e9sence myst\u00e9rieuse du Christ fait que ce pass\u00e9 devient actuel.\nCe dimanche des Rameaux, J\u00e9sus entre \u00e0 J\u00e9rusalem, la Ville sainte, o\u00f9 il va\nmourir et ressusciter. Tous les chr\u00e9tiens sont les acteurs de ce drame. Ils\nsont ces foules qui cueillent des branches pour acclamer le Seigneur. En ce\ndimanche, J\u00e9sus est acclam\u00e9 comme le grand vainqueur. Il entre \u00e0 J\u00e9rusalem pour\nse battre, un peu comme dans un tournoi. Il se bat contre toutes les forces du\np\u00e9ch\u00e9 et de la mort, et son supplice est myst\u00e9rieusement le chemin de la\nvictoire, le pi\u00e8ge qu\u2019Il tend \u00e0 la mort. Il l\u2019\u00e9crasera par sa R\u00e9surrection. Les\nchr\u00e9tiens sont tellement s\u00fbrs de sa victoire (n\u2019est-il pas le Fils de Dieu ?)\nqu\u2019ils l\u2019acclament avant m\u00eame le d\u00e9but du combat : \u00ab <em>Hosanna au plus haut\ndes cieux<\/em> ! \u00bb.<\/p>\n\n\n\n<p class=\"has-background has-pale-cyan-blue-background-color\"><strong>Quels rameaux&nbsp;?<\/strong><\/p>\n\n\n\n<p>Il est int\u00e9ressant de savoir que <em>l\u2019esp\u00e8ce des rameaux ne r\u00e9pond \u00e0 aucune\nprescription de l\u2019\u00c9glise<\/em>. Les traditions diff\u00e8rent d\u2019ailleurs selon les\npays : le sapin, le laurier, l\u2019olivier, le bl\u00e9 vert, le saule pleureur, le houx\n\u2026 Seule indication : les <em>rameaux ne doivent pas \u00eatre du bois mort, mais des\npetites branches au feuillage vert, pour rappeler que la vie ne finit pas et\nqu\u2019elle l\u2019emporte sur la mort et le p\u00e9ch\u00e9<\/em>. Il reste donc un large choix\npour reproduire les branches de palmier agit\u00e9es par le peuple pour accueillir\nJ\u00e9sus \u00e0 son arriv\u00e9e \u00e0 J\u00e9rusalem.<\/p>\n\n\n\n<p class=\"has-background has-pale-cyan-blue-background-color\"><strong>Regarder au-del\u00e0 du geste liturgique<\/strong><\/p>\n\n\n\n<p>Ces rameaux sont le symbole des bonnes actions par lesquelles nous\nacclamons le Seigneur d\u2019une fa\u00e7on plus substantielle encore et plus durable que\npar le geste liturgique. <\/p>\n\n\n\n<p>&#8211; <em>Nos rameaux, ce sera notre pri\u00e8re plus fervente au cours de cette\nsemaine ; le souci que nous aurons de lire les textes de la liturgie dans notre\nmissel<\/em>.<\/p>\n\n\n\n<p>&#8211; Nos rameaux, ce sera aussi <em>un examen plus attentif de notre vie avant\nde recevoir le pardon de nos fautes et une r\u00e9solution plus s\u00e9rieuse de mieux\nfaire<\/em>. <\/p>\n\n\n\n<p>&#8211; Nos rameaux, <em>ce seront les quelques mortifications que nous nous\nimposerons cette semaine, pour prendre une petite part \u00e0 la croix du Christ<\/em>.\n<\/p>\n\n\n\n<p>&#8211; Nos rameaux, ce seront enfin et surtout, <em>les progr\u00e8s que nous ferons\ndans la charit\u00e9<\/em>, l\u2019amabilit\u00e9, la serviabilit\u00e9, sans condition, \u00e0 l\u2019\u00e9gard de\ntous. <\/p>\n\n\n\n<p class=\"has-background has-very-light-gray-background-color\">Le jour de P\u00e2ques, nous ressentirons alors une joie immense !<\/p>\n","protected":false},"excerpt":{"rendered":"<p>Quels seront nos Rameaux cette ann\u00e9e ? QUELS SERONT NOS RAMEAUX CETTE ANN\u00c9E ? En ces temps de confinement, les chr\u00e9tiens s\u2019appr\u00eatent \u00e0 vivre un dimanche des Rameaux particulier. Ni [&hellip;]<\/p>\n","protected":false},"author":1,"featured_media":0,"comment_status":"open","ping_status":"open","sticky":false,"template":"","format":"standard","meta":{"_et_pb_use_builder":"","_et_pb_old_content":"","_et_gb_content_width":"","footnotes":""},"categories":[1],"tags":[],"class_list":["post-2780","post","type-post","status-publish","format-standard","hentry","category-non-classe"],"_links":{"self":[{"href":"https:\/\/catholiques17.fr\/saintes\/wp-json\/wp\/v2\/posts\/2780","targetHints":{"allow":["GET"]}}],"collection":[{"href":"https:\/\/catholiques17.fr\/saintes\/wp-json\/wp\/v2\/posts"}],"about":[{"href":"https:\/\/catholiques17.fr\/saintes\/wp-json\/wp\/v2\/types\/post"}],"author":[{"embeddable":true,"href":"https:\/\/catholiques17.fr\/saintes\/wp-json\/wp\/v2\/users\/1"}],"replies":[{"embeddable":true,"href":"https:\/\/catholiques17.fr\/saintes\/wp-json\/wp\/v2\/comments?post=2780"}],"version-history":[{"count":0,"href":"https:\/\/catholiques17.fr\/saintes\/wp-json\/wp\/v2\/posts\/2780\/revisions"}],"wp:attachment":[{"href":"https:\/\/catholiques17.fr\/saintes\/wp-json\/wp\/v2\/media?parent=2780"}],"wp:term":[{"taxonomy":"category","embeddable":true,"href":"https:\/\/catholiques17.fr\/saintes\/wp-json\/wp\/v2\/categories?post=2780"},{"taxonomy":"post_tag","embeddable":true,"href":"https:\/\/catholiques17.fr\/saintes\/wp-json\/wp\/v2\/tags?post=2780"}],"curies":[{"name":"wp","href":"https:\/\/api.w.org\/{rel}","templated":true}]}}