{"id":2699,"date":"2020-03-31T10:11:23","date_gmt":"2020-03-31T08:11:23","guid":{"rendered":"https:\/\/catholiques17.fr\/saintes\/?p=2699"},"modified":"2020-03-31T10:11:23","modified_gmt":"2020-03-31T08:11:23","slug":"conseils-de-2-saints-a-propos-du-coronavirus-31-mars-2020","status":"publish","type":"post","link":"https:\/\/catholiques17.fr\/saintes\/conseils-de-2-saints-a-propos-du-coronavirus-31-mars-2020\/","title":{"rendered":"Conseils de 2 Saints \u00e0 propos du Coronavirus &#8211; 31 mars 2020"},"content":{"rendered":"\n<p><a rel=\"noreferrer noopener\" aria-label=\"Les conseils de deux saints \u00e0 propos du coronavirus (s\u2019ouvre dans un nouvel onglet)\" href=\"https:\/\/catholiques17.fr\/saintes\/wp-content\/uploads\/sites\/3\/2020\/03\/Les-conseils-de-deux-saints-a-propos-du-Coronavirus-1.pdf\" target=\"_blank\">Les conseils de deux saints \u00e0 propos du coronavirus<\/a><\/p>\n\n\n\n<p class=\"has-background has-pale-cyan-blue-background-color\"><strong>LES\nCONSEILS DE DEUX SAINTS A PROPOS DU CORONAVIRUS<\/strong><\/p>\n\n\n\n<p><em>L\u2019inqui\u00e9tude face au Covid-19 en France comme dans le\nreste du monde se propage presque plus rapidement que le virus lui-m\u00eame.\nComment ne pas c\u00e9der \u00e0 l\u2019angoisse et la peur&nbsp;qui envahissent nos esprits ?\nVoici les conseils de deux grands saints&nbsp;: saint Jean Bosco et son ma\u00eetre\nspirituel, saint Fran\u00e7ois de Sales.<\/em><\/p>\n\n\n\n<p class=\"has-background has-pale-cyan-blue-background-color\"><strong>Le conseil de saint Jean Bosco pour gagner en s\u00e9r\u00e9nit\u00e9<\/strong><\/p>\n\n\n\n<p>&nbsp;&nbsp;&nbsp;&nbsp;&nbsp;&nbsp;&nbsp;&nbsp;&nbsp;&nbsp;&nbsp; Se laver les mains\nr\u00e9guli\u00e8rement, tousser dans son coude et ne pas se rendre dans un pays \u00e0\nrisque, voil\u00e0 les principales recommandations formul\u00e9es par les autorit\u00e9s\nsanitaires pour limiter la propagation du coronavirus. \u00c0 celles-l\u00e0 on pourrait\nen ajouter une autre d\u2019ordre spirituel&nbsp;: avoir sur soi une image de la\nVierge Marie et prier r\u00e9guli\u00e8rement.<\/p>\n\n\n\n<p>&nbsp;&nbsp;&nbsp;&nbsp;&nbsp;&nbsp;&nbsp;&nbsp;&nbsp;&nbsp;&nbsp; Ce dernier conseil n\u2019est\nautre que celui donn\u00e9 par <a href=\"https:\/\/fr.aleteia.org\/2019\/01\/31\/tout-savoir-sur-don-bosco-le-pere-de-la-jeunesse\/\" target=\"_blank\" rel=\"noreferrer noopener\">saint\nJean Bosco<\/a> \u00e0 Turin lors de l\u2019\u00e9pid\u00e9mie de chol\u00e9ra qui a frapp\u00e9 la\nville en 1854. Le pr\u00eatre italien avait alors demand\u00e9 \u00e0 des jeunes gens qu\u2019il\navait mandat\u00e9 pour rendre visite aux malades de porter sur eux une image de la\nVierge et de prier r\u00e9guli\u00e8rement. Aucun d\u2019entre eux n\u2019avait \u00e9t\u00e9 contamin\u00e9. <\/p>\n\n\n\n<p>&nbsp;&nbsp;&nbsp;&nbsp;&nbsp;&nbsp;&nbsp;&nbsp;&nbsp;&nbsp;&nbsp; Si les deux \u00e9pid\u00e9mies ne\nsont absolument pas comparables, son conseil est toujours valable : agir\nhumblement avec foi et se confier \u00e0 la M\u00e8re de Dieu.<\/p>\n\n\n\n<p class=\"has-background has-pale-cyan-blue-background-color\"><strong>Le conseil de saint Fran\u00e7ois de Sales pour gu\u00e9rir de l\u2019angoisse<\/strong><\/p>\n\n\n\n<p>\u00ab&nbsp;<em>Ne vous faites donc pas tant de souci<\/em>&nbsp;\u00bb, disait J\u00e9sus \u00e0\nses disciples (Matthieu 6, 24-34). Plus tard, dans son livre adress\u00e9 aux la\u00efcs\n\u00ab<em>L\u2019introduction \u00e0 la vie d\u00e9vote<\/em>&nbsp;\u00bb, <a href=\"https:\/\/fr.aleteia.org\/2017\/03\/07\/saint-francois-de-sales-le-saint-gentilhomme-par-excellence\/\" target=\"_blank\" rel=\"noreferrer noopener\">s<strong>aint\nFran\u00e7ois de Sales<\/strong><\/a> met en garde contre l\u2019inqui\u00e9tude, \u00ab<em>ce grand mal qui\narrive \u00e0 l\u2019\u00e2me<\/em>, (\u2026) <em>le plus grand mal, except\u00e9 le p\u00e9ch\u00e9<\/em>\u00bb. Pour lui,\nil n\u2019y a rien qui \u00ab<em>empire plus le mal et qui \u00e9loigne plus le bien, que\nl\u2019inqui\u00e9tude et l\u2019empressement<\/em>\u00bb. Et il sait tr\u00e8s bien de quoi il parle.<\/p>\n\n\n\n<p>C\u2019est au cours de ses \u00e9tudes de droit, \u00e0 Paris \u00e0 la fin du XVI<sup>\u00e8me<\/sup>\nsi\u00e8cle, que Fran\u00e7ois de Sales d\u00e9couvre la th\u00e9ologie. Il s\u2019inqui\u00e8te notamment de\nla notion de pr\u00e9destination soulev\u00e9e par de nombreux calvinistes \u00e0 l\u2019\u00e9poque.\nCette approche d\u00e9clenche chez lui une grande <a href=\"https:\/\/fr.aleteia.org\/2019\/07\/03\/si-lanxiete-vous-guette-relisez-ce-psaume-pour-retrouver-la-paix\/\" target=\"_blank\" rel=\"noreferrer noopener\">angoisse<\/a>. Submerg\u00e9 par\nla peur, pendant dix semaines il s\u2019imagine finir en enfer. Mais un jour,\nbroyant du noir, il d\u00e9cide d\u2019entrer dans l\u2019\u00e9glise dominicaine de\nSaint-\u00c9tienne-des-Gr\u00e8s, rue Cujas dans le quartier Latin. Il y reste un long\nmoment et prie devant la statue de Notre-Dame de Bonne D\u00e9livrance, qu\u2019on\nappelle aussi \u00abla Vierge noire de Paris\u00bb, &nbsp;en r\u00e9citant cette <strong>pri\u00e8re de <\/strong><a href=\"https:\/\/fr.aleteia.org\/2018\/08\/19\/avec-saint-bernard-de-clairvaux-regardez-marie\/\" target=\"_blank\" rel=\"noreferrer noopener\"><strong>saint\nBernard<\/strong><\/a>&nbsp;:<\/p>\n\n\n\n<p class=\"has-background has-very-light-gray-background-color\"><em>\u00ab\u00a0Souvenez-vous, \u00f4 tr\u00e8s mis\u00e9ricordieuse\u00a0Vierge Marie,<\/em><br> <em>qu\u2019on n\u2019a jamais entendu dire<\/em><br> <em>qu\u2019aucun de ceux qui ont eu recours \u00e0 votre protection,<\/em><br> <em>implor\u00e9 votre assistance, ou r\u00e9clam\u00e9 vos suffrages,<\/em><br> <em>ait \u00e9t\u00e9 abandonn\u00e9 de Vous.<\/em><br> <em>Anim\u00e9 de cette confiance, \u00f4 Vierge des vierges, \u00f4 ma M\u00e8re,<\/em><br><em>Je viens vers Vous, et g\u00e9missant sous le poids de mes p\u00e9ch\u00e9s,<\/em><br> <em>Je me prosterne \u00e0 vos pieds.<\/em><br> <em>O M\u00e8re du Verbe incarn\u00e9, ne m\u00e9prisez pas mes pri\u00e8res,<\/em><br> <em>mais \u00e9coutez-les favorablement et daignez les exaucer\u00bb. \u00a0Amen.<\/em> <br>                               Saint Bernard (1090-1153)<\/p>\n\n\n\n<p>&nbsp;&nbsp;&nbsp;&nbsp;&nbsp;&nbsp;&nbsp;&nbsp;&nbsp;&nbsp;&nbsp; Aussit\u00f4t, il se l\u00e8ve et il\ncomprend \u00e0 l\u2019instant-m\u00eame qu\u2019il est lib\u00e9r\u00e9 de toutes ses peurs. Saint Fran\u00e7ois\nde Sales est enti\u00e8rement gu\u00e9ri. \u00ab<em>Quand donc vous serez press\u00e9e du d\u00e9sir\nd\u2019\u00eatre d\u00e9livr\u00e9e de quelque mal ou de parvenir \u00e0 quelque bien, avant toute\nchose, mettez votre esprit en repos et tranquillit\u00e9<\/em>\u00bb, soulignera-t-il plus\ntard dans son c\u00e9l\u00e8bre ouvrage.<\/p>\n\n\n\n<p class=\"has-background has-pale-cyan-blue-background-color\">&nbsp;&nbsp;&nbsp;&nbsp;&nbsp;&nbsp;&nbsp;&nbsp;&nbsp;&nbsp;&nbsp; Que Marie, Consolatrice\ndes afflig\u00e9s, nous prot\u00e8ge et nous garde. Bonne journ\u00e9e \u00e0 tous. <\/p>\n\n\n\n<p>P. Sergio<\/p>\n","protected":false},"excerpt":{"rendered":"<p>Les conseils de deux saints \u00e0 propos du coronavirus LES CONSEILS DE DEUX SAINTS A PROPOS DU CORONAVIRUS L\u2019inqui\u00e9tude face au Covid-19 en France comme dans le reste du monde [&hellip;]<\/p>\n","protected":false},"author":1,"featured_media":0,"comment_status":"open","ping_status":"open","sticky":false,"template":"","format":"standard","meta":{"_et_pb_use_builder":"","_et_pb_old_content":"","_et_gb_content_width":"","footnotes":""},"categories":[1],"tags":[],"class_list":["post-2699","post","type-post","status-publish","format-standard","hentry","category-non-classe"],"_links":{"self":[{"href":"https:\/\/catholiques17.fr\/saintes\/wp-json\/wp\/v2\/posts\/2699","targetHints":{"allow":["GET"]}}],"collection":[{"href":"https:\/\/catholiques17.fr\/saintes\/wp-json\/wp\/v2\/posts"}],"about":[{"href":"https:\/\/catholiques17.fr\/saintes\/wp-json\/wp\/v2\/types\/post"}],"author":[{"embeddable":true,"href":"https:\/\/catholiques17.fr\/saintes\/wp-json\/wp\/v2\/users\/1"}],"replies":[{"embeddable":true,"href":"https:\/\/catholiques17.fr\/saintes\/wp-json\/wp\/v2\/comments?post=2699"}],"version-history":[{"count":0,"href":"https:\/\/catholiques17.fr\/saintes\/wp-json\/wp\/v2\/posts\/2699\/revisions"}],"wp:attachment":[{"href":"https:\/\/catholiques17.fr\/saintes\/wp-json\/wp\/v2\/media?parent=2699"}],"wp:term":[{"taxonomy":"category","embeddable":true,"href":"https:\/\/catholiques17.fr\/saintes\/wp-json\/wp\/v2\/categories?post=2699"},{"taxonomy":"post_tag","embeddable":true,"href":"https:\/\/catholiques17.fr\/saintes\/wp-json\/wp\/v2\/tags?post=2699"}],"curies":[{"name":"wp","href":"https:\/\/api.w.org\/{rel}","templated":true}]}}