{"id":2678,"date":"2020-03-30T15:16:18","date_gmt":"2020-03-30T13:16:18","guid":{"rendered":"https:\/\/catholiques17.fr\/saintes\/?p=2678"},"modified":"2020-03-30T15:16:18","modified_gmt":"2020-03-30T13:16:18","slug":"campagne-du-ccfd-2020","status":"publish","type":"post","link":"https:\/\/catholiques17.fr\/saintes\/campagne-du-ccfd-2020\/","title":{"rendered":"Campagne du CCFD 2020"},"content":{"rendered":"\n<p class=\"has-background has-luminous-vivid-amber-background-color\"><a rel=\"noreferrer noopener\" aria-label=\"CCFD - Terre Solidaire en temps de Coronavirus (s\u2019ouvre dans un nouvel onglet)\" href=\"https:\/\/catholiques17.fr\/saintes\/wp-content\/uploads\/sites\/3\/2020\/03\/campagne-de-Careme-du-CCFD-en-1-1.pdf\" target=\"_blank\">CCFD &#8211; Terre Solidaire en temps de Coronavirus<\/a><\/p>\n\n\n\n<p>La campagne de Car\u00eame du CCFD-Terre Solidaire en temps de coronavirus <\/p>\n\n\n\n<p><\/p>\n\n\n\n<div class=\"wp-block-image\"><figure class=\"aligncenter size-large\"><img loading=\"lazy\" decoding=\"async\" width=\"122\" height=\"171\" src=\"https:\/\/catholiques17.fr\/saintes\/wp-content\/uploads\/sites\/3\/2020\/03\/1-1.jpg\" alt=\"\" class=\"wp-image-2679\" \/><\/figure><\/div>\n\n\n\n<p>Comme chaque ann\u00e9e, pendant le temps de Car\u00eame, le CCFD-Terre Solidaire, dans le cadre de la mission confi\u00e9e par l\u2019Eglise de France, mobilise les Chr\u00e9tiens pour plus de solidarit\u00e9.<br> La d\u00e9marche de Car\u00eame invite \u00e0 l\u2019\u00e9coute de la Parole, \u00e0 la conversion et \u00e0 un partage \u00e0 la dimension du monde.  Une fa\u00e7on de r\u00e9pondre \u00e0 l\u2019appel du pape Fran\u00e7ois dans Laudato Si\u00a0:\u00a0 \u00ab\u00a0J\u2019adresse une invitation urgente \u00e0 un nouveau dialogue sur la fa\u00e7on dont nous construisons l\u2019avenir de la plan\u00e8te\u00a0\u00bb . Et c\u2019est gr\u00e2ce au partage et au soutien de tous, que le CCFD-Terre Solidaire peut, \u00e0 son tour, soutenir sur tous les continents des organisations qui luttent contre la faim et ses causes. <\/p>\n\n\n\n<p class=\"has-background has-light-green-cyan-background-color\"><br> Comment\u00a0agissent ces organisations ? Trois exemples de projets :<\/p>\n\n\n\n<p>Pourquoi et comment soutenir les partenaires pendant cette p\u00e9riode de confinement\u00a0?<br> Le temps fort de la campagne de Car\u00eame repr\u00e9sente pour le CCFD-Terre Solidaire pr\u00e8s de 30% de sa collecte annuelle.<br> Avec la crise que nous traversons, cette campagne est boulevers\u00e9e.<br> La venue de tous les partenaires a \u00e9t\u00e9 annul\u00e9e dans un souci de protection d\u2019eux-m\u00eames mais aussi des populations de leurs pays, plus vuln\u00e9rables. Toutes les animations ont \u00e9t\u00e9 annul\u00e9es pour prot\u00e9ger le public, les b\u00e9n\u00e9voles et les salari\u00e9s. Enfin, la messe du 5\u00e8me dimanche de Car\u00eame dont la qu\u00eate imp\u00e8r\u00e9e est d\u00e9di\u00e9e au CCFD-Terre Solidaire est annul\u00e9e.<br> Aussi, le CCFD-Terre Solidaire  invite l\u2019ensemble des communaut\u00e9s chr\u00e9tiennes \u00e0 faire vivre \u00e0 distance, ce geste de partage du 5\u00e8me dimanche de car\u00eame pour continuer l\u2019action aupr\u00e8s des partenaires qui comptent sur le plus grand nombre. \u00a0<br> En cette p\u00e9riode de confinement, le mouvement vous propose un don en ligne en utilisant le lien suivant   https:\/\/soutenir.ccfd-terresolidaire.org\/   qui vous donnera toutes les modalit\u00e9s. <br> Les enveloppes de collecte qui ont \u00e9t\u00e9 distribu\u00e9es au d\u00e9but du Car\u00eame pourront \u00eatre envoy\u00e9es au CCFD-Terre Solidaire, 4 rue Jean Lantier 75001 PARIS. Les dons peuvent aussi se faire dans des enveloppes classiques \u00e0 la m\u00eame adresse (Les courriers seront trait\u00e9s apr\u00e8s la p\u00e9riode de confinement) <\/p>\n\n\n\n<p>Par avance, les b\u00e9n\u00e9voles du CCFD-Terre Solidaire vous remercient pour votre g\u00e9n\u00e9rosit\u00e9 et votre engagement au service d\u2019un monde plus juste et plus solidaire.<\/p>\n\n\n\n<p>Pour la D\u00e9l\u00e9gation Dioc\u00e9saine de Charente Maritime<br> Philippe Bortolus et C\u00e9cile Meunier<\/p>\n\n\n\n<p class=\"has-background has-pale-cyan-blue-background-color\">CCFD -Terre Solidaire de Charente Maritime<br> Maison Dioc\u00e9saine  80 Cours Gen\u00eat 17100 SAINTES<br> contacts Philippe Bortolus\u00a0: 06 09 66 15 37 et C\u00e9cile Meunier\u00a0: 06 84 50 31 36<br> plus d\u2019informations sur https:\/\/ccfd-terresolidaire.org et https:\/\/letempsdessolutions.org\/<\/p>\n\n\n\n<p><\/p>\n\n\n\n<p><br>   Trois exemples de projets construits autour de l\u2019agro-\u00e9cologie :<br> en <strong>Colombie<\/strong>\u00a0, l\u2019 IMCA (Institut majeur des paysans) est membre du Programme mondial TAPSA pour une transition \u00e9cologique. Il soutient les activit\u00e9s productrices des communaut\u00e9s paysannes avec l\u2019installation de petites unit\u00e9s de production de fertilisants organiques et biopesticides. Les produits sont d\u2019abord destin\u00e9s \u00e0 la famille, puis \u00e9chang\u00e9s sur les march\u00e9s locaux et enfin vendus dans les circuits du commerce \u00e9quitable. L\u2019IMCA travaille dans des anciennes zones de gu\u00e9rilla o\u00f9 l\u2019\u00e9tat est quasi inexistant. Depuis la signature de l\u2019accord de paix, les anciens combattants reviennent \u00ab\u00a0Sans l\u2019appui du CCFD-Terre Solidaire, nous ne pourrions pas accompagner ce processus de retour \u00e0 la paix\u00a0\u00bb<\/p>\n\n\n\n<div class=\"wp-block-image\"><figure class=\"aligncenter size-large\"><img loading=\"lazy\" decoding=\"async\" width=\"374\" height=\"281\" src=\"https:\/\/catholiques17.fr\/saintes\/wp-content\/uploads\/sites\/3\/2020\/03\/2-1.jpg\" alt=\"\" class=\"wp-image-2680\" srcset=\"https:\/\/catholiques17.fr\/saintes\/wp-content\/uploads\/sites\/3\/2020\/03\/2-1.jpg 374w, https:\/\/catholiques17.fr\/saintes\/wp-content\/uploads\/sites\/3\/2020\/03\/2-1-300x225.jpg 300w\" sizes=\"(max-width: 374px) 100vw, 374px\" \/><\/figure><\/div>\n\n\n\n<p><em>Mincho, directeur du centre de formation paysan IMCA, <br> accueilli en 2019 sur les paroisses de Rochefort, La Rochelle et St Sauveur d\u2019Aunis<\/em><\/p>\n\n\n\n<ul class=\"wp-block-list\"><li>au <strong>Burkina Faso<\/strong>\u00a0, APROSSA (Association pour la Promotion de la S\u00e9curit\u00e9 et de la Souverainet\u00e9 Alimentaire) est confront\u00e9e \u00e0 des probl\u00e8mes nouveaux\u00a0: \u00e0 l\u2019adaptation au d\u00e9r\u00e8glement climatique s\u2019ajoutent d\u00e9sormais l\u2019impact sur les esprits de la radicalisation islamiste ainsi que la tentation pour les jeunes de migrer. L\u2019APROSSA a entrepris d\u2019adapter les pratiques traditionnelles des petits producteurs, dans une approche agro\u00e9cologique\u00a0: diguettes pour retenir les pluies, semis en poquet avec fumure (za\u00ef), plantations en cuvet te \u00ab\u00a0demi-lune\u00a0\u00bb pour r\u00e9duire le ruissellement, collecte de la fumure organique, d\u00e9veloppement des cultures fourrag\u00e8res, mise en place d\u2019un sorgho plus adapt\u00e9 au climat, etc. L\u2019action d\u2019APROSSA vise \u00e0 valoriser la capacit\u00e9 des populations \u00e0 tirer localement les moyens de leur subsistance ainsi que des revenus.<\/li><\/ul>\n\n\n\n<p><\/p>\n\n\n\n<div class=\"wp-block-image\"><figure class=\"aligncenter size-large\"><img decoding=\"async\" src=\"https:\/\/catholiques17.fr\/saintes\/wp-content\/uploads\/sites\/3\/2020\/03\/3-3.jpg\" alt=\"\" class=\"wp-image-2683\" \/><\/figure><\/div>\n\n\n\n<ul class=\"wp-block-list\"><li> <em>Un  groupe de producteurs et promoteurs de l\u2019APROSSA, leur devise\u00a0: le Sah\u00e9lien peut nourrir le Sahel<\/em>.<\/li><\/ul>\n\n\n\n<p><\/p>\n\n\n\n<ul class=\"wp-block-list\"><li>au <strong>Timor Leste<\/strong>, l\u2019association PERMATIL (Permaculture pour le Timor Leste) est tr\u00e8s investie  dans la formation de la population paysanne, elle se consacre \u00e0 la reconqu\u00eate de la souverainet\u00e9 alimentaire par la population majoritairement rurale et tr\u00e8s jeune de ce nouveau pays. C\u2019est ainsi que l\u2019association a commenc\u00e9 \u00e0 cr\u00e9er des jardins en permaculture dans les \u00e9coles. Apr\u00e8s plusieurs ann\u00e9es d\u2019exp\u00e9rimentations r\u00e9ussies, l\u2019association d\u00e9croche en 2015 un r\u00e9sultat spectaculaire\u00a0: une loi nationale rend obligatoire l\u2019implantation de potagers en permaculture dans les \u00e9coles primaires de Timor Leste. Pour Estanislau Claudio Ximenes, la mission \u00e9ducative des jardins dans les \u00e9coles commence par la d\u00e9localisation de la classe hors des murs\u00a0: \u00ab\u00a0Nous ne consid\u00e9rons pas ces jardins comme de simples parcelles productives, mais comme des laboratoires de vie.\u00a0\u00bb Nutrition, sant\u00e9, environnement, la palette des enseignements est vaste. Et la dynamique profite \u00e0 l\u2019ensemble de la communaut\u00e9. <\/li><\/ul>\n\n\n\n<p><\/p>\n\n\n\n<div class=\"wp-block-image\"><figure class=\"aligncenter size-large\"><img loading=\"lazy\" decoding=\"async\" width=\"558\" height=\"314\" src=\"https:\/\/catholiques17.fr\/saintes\/wp-content\/uploads\/sites\/3\/2020\/03\/4-1.jpg\" alt=\"\" class=\"wp-image-2684\" srcset=\"https:\/\/catholiques17.fr\/saintes\/wp-content\/uploads\/sites\/3\/2020\/03\/4-1.jpg 558w, https:\/\/catholiques17.fr\/saintes\/wp-content\/uploads\/sites\/3\/2020\/03\/4-1-480x270.jpg 480w\" sizes=\"(min-width: 0px) and (max-width: 480px) 480px, (min-width: 481px) 558px, 100vw\" \/><\/figure><\/div>\n\n\n\n<p><em>Une classe dans son potager<\/em>   <\/p>\n","protected":false},"excerpt":{"rendered":"<p>CCFD &#8211; Terre Solidaire en temps de Coronavirus La campagne de Car\u00eame du CCFD-Terre Solidaire en temps de coronavirus Comme chaque ann\u00e9e, pendant le temps de Car\u00eame, le CCFD-Terre Solidaire, [&hellip;]<\/p>\n","protected":false},"author":1,"featured_media":0,"comment_status":"open","ping_status":"open","sticky":false,"template":"","format":"standard","meta":{"_et_pb_use_builder":"","_et_pb_old_content":"","_et_gb_content_width":"","footnotes":""},"categories":[1],"tags":[],"class_list":["post-2678","post","type-post","status-publish","format-standard","hentry","category-non-classe"],"_links":{"self":[{"href":"https:\/\/catholiques17.fr\/saintes\/wp-json\/wp\/v2\/posts\/2678","targetHints":{"allow":["GET"]}}],"collection":[{"href":"https:\/\/catholiques17.fr\/saintes\/wp-json\/wp\/v2\/posts"}],"about":[{"href":"https:\/\/catholiques17.fr\/saintes\/wp-json\/wp\/v2\/types\/post"}],"author":[{"embeddable":true,"href":"https:\/\/catholiques17.fr\/saintes\/wp-json\/wp\/v2\/users\/1"}],"replies":[{"embeddable":true,"href":"https:\/\/catholiques17.fr\/saintes\/wp-json\/wp\/v2\/comments?post=2678"}],"version-history":[{"count":0,"href":"https:\/\/catholiques17.fr\/saintes\/wp-json\/wp\/v2\/posts\/2678\/revisions"}],"wp:attachment":[{"href":"https:\/\/catholiques17.fr\/saintes\/wp-json\/wp\/v2\/media?parent=2678"}],"wp:term":[{"taxonomy":"category","embeddable":true,"href":"https:\/\/catholiques17.fr\/saintes\/wp-json\/wp\/v2\/categories?post=2678"},{"taxonomy":"post_tag","embeddable":true,"href":"https:\/\/catholiques17.fr\/saintes\/wp-json\/wp\/v2\/tags?post=2678"}],"curies":[{"name":"wp","href":"https:\/\/api.w.org\/{rel}","templated":true}]}}