{"id":2366,"date":"2020-03-28T15:45:40","date_gmt":"2020-03-28T14:45:40","guid":{"rendered":"https:\/\/catholiques17.fr\/saintes\/?p=2366"},"modified":"2020-03-28T15:45:40","modified_gmt":"2020-03-28T14:45:40","slug":"homelie-5eme-dimanche-de-careme-29-mars-2020","status":"publish","type":"post","link":"https:\/\/catholiques17.fr\/saintes\/homelie-5eme-dimanche-de-careme-29-mars-2020\/","title":{"rendered":"Hom\u00e9lie 5\u00e8me dimanche de Car\u00eame &#8211; 29 mars 2020"},"content":{"rendered":"\n<p><strong><em>\u00ab\u00a0<a href=\"https:\/\/catholiques17.fr\/saintes\/wp-content\/uploads\/sites\/3\/2020\/03\/Homelie-5e-dimanche-de-Careme-29-mars-2020.pdf\" target=\"_blank\" rel=\"noreferrer noopener\" aria-label=\"Je suis la r\u00e9surrection et la vie. Qui croit en moi, m\u00eame s'il meurt,\u00a0vivra&quot; (s\u2019ouvre dans un nouvel onglet)\">Je suis la r\u00e9surrection et la vie. Qui croit en moi, m\u00eame s&rsquo;il meurt,\u00a0vivra\u00a0\u00bb<\/a><\/em><\/strong><\/p>\n\n\n\n<p>&nbsp;&nbsp;&nbsp;&nbsp;&nbsp;&nbsp;&nbsp;&nbsp;&nbsp;&nbsp;&nbsp; La\nliturgie de ce dimanche continue \u00e0 nous pr\u00e9parer au renouvellement des\npromesses de notre bapt\u00eame pendant la Liturgie de la Vigile pascale. Dans\nl\u2019\u00e9pisode de la Samaritaine, J\u00e9sus nous a r\u00e9v\u00e9l\u00e9 qu\u2019Il est <em>la Source d\u2019eau\nvive <\/em>; lors de sa rencontre avec l\u2019aveugle de naissance, il se pr\u00e9sente\ncomme <em>la Lumi\u00e8re du monde <\/em>; aujourd\u2019hui, \u00e0 travers la r\u00e9surrection de\nLazare, il dit \u00e0 Marthe qu\u2019Il est <em>la R\u00e9surrection et la Vie<\/em>.<\/p>\n\n\n\n<p>&nbsp;&nbsp;&nbsp;&nbsp;&nbsp;&nbsp;&nbsp;&nbsp;&nbsp;&nbsp;&nbsp; Avant\nm\u00eame d\u2019\u00eatre frapp\u00e9 par l\u2019\u00e9pid\u00e9mie de virus Corona, il faut avouer que nous vivions\ndans un monde de morts violentes et de tyrans de toutes sortes pour qui la vie\ndes autres n\u2019a aucune valeur. Les films d\u2019horreur, de vengeance et de guerres,\nles jeux \u00e9lectroniques, la t\u00e9l\u00e9vision et l\u2019Internet semblent incapables\nd\u2019assouvir la soif de violence et de destruction de notre monde. Combien de\npersonnes aiment suivre les drames passionnels, les attaques terroristes et les\nguerres dans toutes les parties du globe, en direct et en couleurs&nbsp;!<\/p>\n\n\n\n<p>&nbsp;&nbsp;&nbsp;&nbsp;&nbsp;&nbsp;&nbsp;&nbsp;&nbsp;&nbsp;&nbsp; La\nr\u00e9surrection de Lazare, dans l\u2019\u00e9vangile de Saint Jean, est le dernier miracle\nde J\u00e9sus, le dernier \u2018signe\u2019 offert dans cet \u00e9ternel proc\u00e8s entre la lumi\u00e8re et\nles t\u00e9n\u00e8bres. Peu apr\u00e8s commencera le drame de sa Passion. En retournant en\nJud\u00e9e pour sauver son ami, J\u00e9sus risque sa vie et va au-devant de sa propre\nmort.<\/p>\n\n\n\n<p>&nbsp;&nbsp;&nbsp;&nbsp;&nbsp;&nbsp;&nbsp;&nbsp;&nbsp;&nbsp;&nbsp; Le point\nculminant du texte d\u2019aujourd\u2019hui est le dialogue entre Marthe et J\u00e9sus. Marthe\nproclame sa foi au Christ :&nbsp;<em>\u00abTu es le Messie \u2026 le Fils de Dieu\u00bb.<\/em>&nbsp;C\u2019est\nl\u00e0 la profession de foi que les autres \u00e9vang\u00e9listes mettent sur les l\u00e8vres de\nPierre. Le Christ dit alors \u00e0 Marthe :&nbsp;<em>\u00ab<strong>Moi je suis la r\u00e9surrection\net la vie. Celui qui croit en moi, m\u00eame s\u2019il meurt, vivra ; et toute personne\nqui vit et qui croit en Moi ne mourra jamais<\/strong>\u00bb. <\/em><\/p>\n\n\n\n<p>&nbsp;&nbsp;&nbsp;&nbsp;&nbsp;&nbsp;&nbsp;&nbsp;&nbsp;&nbsp;&nbsp; Face \u00e0\nla mort, il existe deux attitudes fondamentales&nbsp;:<\/p>\n\n\n\n<p>&#8211; La premi\u00e8re est celle des personnes qui croient que la\nmort est la fin de tout. Aucune intervention chirurgicale, aucun m\u00e9dicament-miracle,\naucune cr\u00e8me rajeunissante, aucune di\u00e8te sp\u00e9ciale ne peut changer cela. Cette\nattitude est tr\u00e8s pr\u00e9sente dans le monde d\u2019aujourd\u2019hui.<\/p>\n\n\n\n<p>&#8211; La seconde est partag\u00e9e par ceux et celles qui croient\nqu\u2019apr\u00e8s la mort la vie continue, mais elle est chang\u00e9e ; il y a un changement\ndans la fa\u00e7on d\u2019exister. Ceci est la base de la foi chr\u00e9tienne. Et cette\nesp\u00e9rance donne un sens non seulement \u00e0 notre mort, mais aussi \u00e0 notre vie de\ntous les jours, \u00e0 nos f\u00eates, \u00e0 nos joies, \u00e0 nos maladies, nos souffrances et\nnos angoisses.<\/p>\n\n\n\n<p>&nbsp;&nbsp;&nbsp;&nbsp;&nbsp;&nbsp;&nbsp;&nbsp;&nbsp;&nbsp;&nbsp; Le\nChrist nous a r\u00e9v\u00e9l\u00e9 que non seulement nous serons transform\u00e9s et que nous\ncontinuerons \u00e0 vivre apr\u00e8s la mort, mais Il nous invite \u00e0 vivre pleinement\nd\u00e8s&nbsp;<strong>maintenant<\/strong>.&nbsp;Il a dit : <em>\u00abJe suis venu pour que vous ayez\nla vie et que vous l\u2019ayez en abondance\u00bb&nbsp;<\/em>(Jean 10,10). Ce\nqu\u2019aujourd\u2019hui pourrait \u00eatre traduit ainsi :&nbsp;\u00abSortez de vos tombeaux, de\nvos vies sans esp\u00e9rance. Recommencez \u00e0 respirer la vie \u00e0 pleins poumons\u00bb. Ou\nbien : \u00abSecouez votre inertie et votre passivit\u00e9 et participez \u00e0 la\nconstruction d\u2019un monde meilleur, plus juste, plus fraternel\u00bb. Ou encore : \u00abMettez\nde c\u00f4t\u00e9 votre \u00e9go\u00efsme afin de partager la tendresse de Dieu envers ceux et celles\nqui sont bless\u00e9s par la vie et qui ont besoin d\u2019amour et d\u2019affection\u00bb, comme\nl\u2019a bien soulign\u00e9 le Pape Fran\u00e7ois, vendredi 27 mars 2020, lors de la\nm\u00e9ditation qui a pr\u00e9c\u00e9d\u00e9 sa b\u00e9n\u00e9diction <em>Urbi et Orbe<\/em>. <\/p>\n\n\n\n<p>&nbsp;&nbsp;&nbsp;&nbsp;&nbsp;&nbsp;&nbsp;&nbsp;&nbsp;&nbsp;&nbsp; Avec\nDieu, il y a toujours un nouveau printemps \u00e0 l\u2019horizon, une nouvelle saison qui\nfait reverdir ce que le froid hivernal&nbsp;semblait avoir fait mourir. Comme\nau grain de bl\u00e9 que l\u2019on met en terre et qui semble se d\u00e9composer et mourir,\nl\u2019Esprit de Dieu peut nous redonner une vitalit\u00e9 cr\u00e9atrice, une vie nouvelle. <\/p>\n\n\n\n<p>&nbsp;&nbsp;&nbsp;&nbsp;&nbsp;&nbsp;&nbsp;&nbsp;&nbsp;&nbsp;&nbsp; Le\nproph\u00e8te Os\u00e9e exprime cette renaissance de fa\u00e7on po\u00e9tique :&nbsp;<em>\u00abJe vous\ngu\u00e9rirai de votre infid\u00e9lit\u00e9, Je vous prodiguerai mon amour \u2026 Je serai pour\nIsra\u00ebl comme la ros\u00e9e, il fleurira comme le lys, il \u00e9tendra ses racines comme\nles arbres du Liban. Ses jeunes pousses vont grandir, sa parure sera comme\ncelle de l\u2019olivier, son parfum comme celui de la for\u00eat du Liban \u2026 \u00bb<\/em>&nbsp;(Os\u00e9e\n14, 5-8)<\/p>\n\n\n\n<p>&nbsp;&nbsp;&nbsp;&nbsp;&nbsp;&nbsp;&nbsp;&nbsp;&nbsp;&nbsp;&nbsp; Encore\nune fois : la promesse du Christ nous invite \u00e0 une vie pleine d\u2019esp\u00e9rance et de\nprojets nouveaux&nbsp;<strong>maintenant<\/strong>, et nous promet une vie nouvelle apr\u00e8s\nla mort. Il ne faut jamais nous r\u00e9signer devant la fin de la vie temporelle. La\nr\u00e9signation n&rsquo;est pas une attitude chr\u00e9tienne. \u00c0 travers cette civilisation\nattir\u00e9e par la destruction et la mort, le Christ nous parle aujourd\u2019hui de vie\net d\u2019esp\u00e9rance&nbsp;:&nbsp;<em>\u00abCelui qui cro\u00eet en moi a &#8211;<\/em>maintenant-<em> la\nvie \u00e9ternelle!\u00bb<\/em><\/p>\n\n\n\n<p>Conclusion<\/p>\n\n\n\n<p>&nbsp;&nbsp;&nbsp;&nbsp;&nbsp;&nbsp;&nbsp;&nbsp;&nbsp;&nbsp;&nbsp; Chers fr\u00e8res et s\u0153urs, en\nce jours, prions, pour que cette terrible crise sanitaire fasse retrouver \u00e0\nl\u2019humanit\u00e9 le sens de son unit\u00e9, que notre soci\u00e9t\u00e9 retrouve sa sensibilit\u00e9 aux\nquestions spirituelles et religieuses. Prions notamment pour les soignants, les\nmalades, les d\u00e9funts et leur famille : qu\u2019ils connaissent la paix que J\u00e9sus\nr\u00e9pand dans les \u00e2mes. Si nous devrons f\u00eater P\u00e2ques dans l\u2019isolement du confinement,\ndans la peine du deuil, la promesse de P\u00e2ques sera notre consolation : \u00ab<em>Je\nsuis la R\u00e9surrection et la Vie&#8230; Celui et celle qui croit en moi, m\u00eame s\u2019il\nmeurt vivra\u00bb. <\/em><\/p>\n\n\n\n<p><em>&nbsp;&nbsp;&nbsp;&nbsp;&nbsp;&nbsp;&nbsp;&nbsp;&nbsp;&nbsp;&nbsp; &nbsp;&nbsp;&nbsp;&nbsp;&nbsp;&nbsp;&nbsp;&nbsp;&nbsp;&nbsp;&nbsp; &nbsp;&nbsp;&nbsp;&nbsp;&nbsp;&nbsp;&nbsp;&nbsp;&nbsp;&nbsp;&nbsp; &nbsp;&nbsp;&nbsp;&nbsp;&nbsp;&nbsp;&nbsp;&nbsp;&nbsp;&nbsp;&nbsp; &nbsp;&nbsp;&nbsp;&nbsp;&nbsp;&nbsp;&nbsp;&nbsp;&nbsp;&nbsp;&nbsp; &nbsp;&nbsp;&nbsp;&nbsp;&nbsp;&nbsp;&nbsp;&nbsp;&nbsp;&nbsp;&nbsp; &nbsp;&nbsp;&nbsp;&nbsp;&nbsp;&nbsp;&nbsp;&nbsp;&nbsp;&nbsp;&nbsp; &nbsp;&nbsp;&nbsp;&nbsp;&nbsp;&nbsp;&nbsp;&nbsp;&nbsp;&nbsp;&nbsp; P\u00e8re Sergio PEREZ<\/em><strong><\/strong><\/p>\n","protected":false},"excerpt":{"rendered":"<p>\u00ab\u00a0Je suis la r\u00e9surrection et la vie. Qui croit en moi, m\u00eame s&rsquo;il meurt,\u00a0vivra\u00a0\u00bb &nbsp;&nbsp;&nbsp;&nbsp;&nbsp;&nbsp;&nbsp;&nbsp;&nbsp;&nbsp;&nbsp; La liturgie de ce dimanche continue \u00e0 nous pr\u00e9parer au renouvellement des promesses de notre [&hellip;]<\/p>\n","protected":false},"author":1,"featured_media":0,"comment_status":"open","ping_status":"open","sticky":false,"template":"","format":"standard","meta":{"_et_pb_use_builder":"","_et_pb_old_content":"","_et_gb_content_width":"","footnotes":""},"categories":[1],"tags":[],"class_list":["post-2366","post","type-post","status-publish","format-standard","hentry","category-non-classe"],"_links":{"self":[{"href":"https:\/\/catholiques17.fr\/saintes\/wp-json\/wp\/v2\/posts\/2366","targetHints":{"allow":["GET"]}}],"collection":[{"href":"https:\/\/catholiques17.fr\/saintes\/wp-json\/wp\/v2\/posts"}],"about":[{"href":"https:\/\/catholiques17.fr\/saintes\/wp-json\/wp\/v2\/types\/post"}],"author":[{"embeddable":true,"href":"https:\/\/catholiques17.fr\/saintes\/wp-json\/wp\/v2\/users\/1"}],"replies":[{"embeddable":true,"href":"https:\/\/catholiques17.fr\/saintes\/wp-json\/wp\/v2\/comments?post=2366"}],"version-history":[{"count":0,"href":"https:\/\/catholiques17.fr\/saintes\/wp-json\/wp\/v2\/posts\/2366\/revisions"}],"wp:attachment":[{"href":"https:\/\/catholiques17.fr\/saintes\/wp-json\/wp\/v2\/media?parent=2366"}],"wp:term":[{"taxonomy":"category","embeddable":true,"href":"https:\/\/catholiques17.fr\/saintes\/wp-json\/wp\/v2\/categories?post=2366"},{"taxonomy":"post_tag","embeddable":true,"href":"https:\/\/catholiques17.fr\/saintes\/wp-json\/wp\/v2\/tags?post=2366"}],"curies":[{"name":"wp","href":"https:\/\/api.w.org\/{rel}","templated":true}]}}