{"id":2361,"date":"2020-03-28T10:28:50","date_gmt":"2020-03-28T09:28:50","guid":{"rendered":"https:\/\/catholiques17.fr\/saintes\/?p=2361"},"modified":"2020-03-28T10:28:50","modified_gmt":"2020-03-28T09:28:50","slug":"message-du-28-mars-2020","status":"publish","type":"post","link":"https:\/\/catholiques17.fr\/saintes\/message-du-28-mars-2020\/","title":{"rendered":"Message du 28 mars 2020"},"content":{"rendered":"\n<p><a rel=\"noreferrer noopener\" aria-label=\"Cinq Conseils pour affronter spirituellement une pand\u00e9mie (s\u2019ouvre dans un nouvel onglet)\" href=\"https:\/\/catholiques17.fr\/saintes\/wp-content\/uploads\/sites\/3\/2020\/03\/Cinq-conseils-pour-affronter-une-pandemie.pdf\" target=\"_blank\">Cinq Conseils pour affronter spirituellement une pand\u00e9mie<\/a><\/p>\n\n\n\n<p class=\"has-background has-pale-cyan-blue-background-color\"><strong>CINQ\nCONSEILS POUR AFFRONTER SPIRITUELLEMENT UNE PANDEMIE<\/strong><\/p>\n\n\n\n<p>&nbsp;&nbsp;&nbsp;&nbsp;&nbsp;&nbsp;&nbsp;&nbsp;&nbsp;&nbsp;&nbsp; Difficile\nde tenir le cap pendant une pand\u00e9mie qui contraint chacun \u00e0 rester chez soi. M\u00eame\ns\u2019il a \u00e9t\u00e9 pr\u00e9voyant et qu\u2019il a rempli son cong\u00e9lateur \u00e0 ras bord, l\u2019homme ne\npeut pas vivre seulement de pain ; cette \u00e9preuve se traverse \u00e9galement\nspirituellement. Voici cinq conseils qui peuvent servir pour y parvenir.<\/p>\n\n\n\n<p class=\"has-background has-pale-cyan-blue-background-color\"><strong>1) Prenez les pr\u00e9cautions qui s\u2019imposent<\/strong><\/p>\n\n\n\n<p>Il ne faut pas n\u00e9gliger le mat\u00e9riel. Par amour pour votre\nprochain, prenez au s\u00e9rieux toutes les pr\u00e9cautions mat\u00e9rielles qui s\u2019imposent.\nSe mettre en quarantaine chez soi et faire un stock de nourriture pour les\nprochains jours afin de ne pas sortir. Rester chez soi c\u2019est sauver des vies.\nSi nous faisons tout ce que nous pouvons pour nous prot\u00e9ger et faire de m\u00eame\npour ceux qui nous entourent, c\u2019est un vrai acte de charit\u00e9. Cette phrase\nattribu\u00e9e \u00e0 saint Ignace r\u00e9sume bien cette id\u00e9e : \u00ab<em>Priez comme si tout\nd\u00e9pendait de Dieu ; faites comme si tout d\u00e9pendait de vous<\/em>\u00bb.<\/p>\n\n\n\n<p class=\"has-background has-pale-cyan-blue-background-color\"><strong>2) Pr\u00e9parez votre c\u0153ur \u00e0 ce qui pourrait arriver<\/strong><\/p>\n\n\n\n<p>Quand il s\u2019agit de faire face \u00e0 une peur, parfois, la\nmeilleure approche consiste \u00e0 examiner en d\u00e9tail le pire sc\u00e9nario possible afin\nde le d\u00e9mystifier et de l\u2019accueillir. Si vous vous sentez terroris\u00e9,\ndemandez-vous : \u00ab<em>De quoi ai-je vraiment peur <\/em>?\u00bb. Si ceux qui lisent cet\narticle seront gravement touch\u00e9s par la pand\u00e9mie, il est prudent de se pr\u00e9parer\n\u00e0 tout, et m\u00eame \u00e0 la mort. De nombreuses personnes ont peur de la mort et cette\nsituation fait remonter \u00e0 la surface cette terreur profond\u00e9ment enfouie. <em>Il\nest normal d\u2019avoir peur, mais la v\u00e9rit\u00e9 fondamentale de notre foi, c\u2019est que le\nChrist apporte la vie \u00e9ternelle ; Il est ressuscit\u00e9 des morts et Il a fait\ncette m\u00eame promesse \u00e0 chacun d\u2019entre nous. <\/em>Mais \u2026avons-nous vraiment\nconfiance en Dieu ? Voil\u00e0 la cl\u00e9 d\u2019une paix int\u00e9rieure profonde en cette\np\u00e9riode de crise. M\u00eame une pand\u00e9mie n\u2019est pas plus forte que l\u2019amour de Dieu\npour nous. L\u2019\u00c9glise et les saints nous encouragent \u00e0 penser \u00e0 notre mort future\nparce que c\u2019est un moyen de prendre conscience de la valeur de la vie pr\u00e9sente et\nde la savourer. Cette pratique, qui est appel\u00e9e&nbsp;<em>memento mori<\/em>,\nc\u2019est-\u00e0-dire \u00ab<em>souviens-toi que tu vas mourir<\/em>\u00bb, rappelle \u00e0 l\u2019homme sa\ncondition de mortel. Nous y sommes justement confront\u00e9s pendant le Car\u00eame,\nalors que nous sommes appel\u00e9s \u00e0 nous souvenir que \u00ab<em>nous sommes poussi\u00e8re et\nque nous retournerons \u00e0 la poussi\u00e8re\u00bb<\/em> (<a href=\"https:\/\/www.aelf.org\/bible\/Gn\/3\" target=\"_blank\" rel=\"noreferrer noopener\">Gn 3, 19<\/a>).<\/p>\n\n\n\n<p class=\"has-background has-pale-cyan-blue-background-color\"><strong>3) Soyez un t\u00e9moin aupr\u00e8s des autres<\/strong><\/p>\n\n\n\n<p>Cette situation est une magnifique occasion de montrer au\nmonde comment un chr\u00e9tien agit en temps de crise. <em>Le calme et la g\u00e9n\u00e9rosit\u00e9<\/em>\nseront de puissants t\u00e9moins si nous partageons notre paix avec les autres au\nlieu de nous joindre \u00e0 la panique et \u00e0 l\u2019hyst\u00e9rie. On peut tout d\u2019abord \u00eatre\nt\u00e9moin aupr\u00e8s de ceux avec qui l\u2019on vit sa quarantaine ; lutter pour maintenir\nla paix familiale dans un espace r\u00e9duit tout au long de la journ\u00e9e et s\u2019excuser\nlorsque l\u2019on a \u00e9t\u00e9 trop loin, c\u2019est d\u00e9j\u00e0 un premier t\u00e9moignage. Un autre aspect\nimportant de ce t\u00e9moignage, ce sont <em>les commentaires que l\u2019on fait sur la\ncrise<\/em>. Certaines personnes sont terroris\u00e9es et deviennent \u00abmono-sujet\u00bb et\nd\u2019autres ont d\u00e9valis\u00e9 les stocks des magasins. En fin de comptes, peu importe\nce que l\u2019on en pense, et la moquerie ne nous apportera rien de bon. Le chr\u00e9tien\nreste dans la bienveillance.<\/p>\n\n\n\n<p class=\"has-background has-pale-cyan-blue-background-color\"><strong>4) Soyez dans la reconnaissance<\/strong><\/p>\n\n\n\n<p>De quoi peut-on \u00eatre reconnaissant en cas de pand\u00e9mie ? En\nfait de nombreuses choses, comme d\u2019\u00eatre en bonne sant\u00e9, d\u2019un rayon de soleil \u00e0\ntravers une vitre, d\u2019un voisin qui appelle pour demander des nouvelles ou\nencore d\u2019un bon g\u00e2teau au chocolat. M\u00eame si cette d\u00e9marche semble moins\nnaturelle en temps de crise, n\u2019oublions pas de rendre gr\u00e2ce \u00e0 Dieu. Une femme\nconfin\u00e9e \u00e0 Wuhan t\u00e9moignait de ceci&nbsp;<a href=\"https:\/\/www.facebook.com\/657851138\/posts\/10157150165746139\/?d=n\" target=\"_blank\" rel=\"noreferrer noopener\">sur Facebook<\/a> : \u00ab<em>Notre\nvie de famille n\u2019a jamais \u00e9t\u00e9 aussi belle<\/em>\u00bb. La quarantaine peut aussi\npermettre de passer de bons moments en famille, avec ses amis ou ses voisins,\nm\u00eame \u00e0 distance. Et cela a du prix.<\/p>\n\n\n\n<p class=\"has-background has-pale-cyan-blue-background-color\"><strong>5) Priez<\/strong><\/p>\n\n\n\n<p><strong><em>Prendre du temps avec Dieu c\u2019est le fondement de tout le\nreste.<\/em><\/strong> Dieu est la source de la paix et\ndu calme que nous voulons partager ; Il est Celui qui nous inspire confiance et\ngratitude. Alors, prenez le temps de prier. Nous vous proposons de lire\nle&nbsp;<a href=\"https:\/\/www.aelf.org\/bible\/Ps\/90\" target=\"_blank\" rel=\"noreferrer noopener\">Psaume 91<\/a>&nbsp;(<a href=\"https:\/\/fr.aleteia.org\/2018\/10\/13\/pourquoi-les-psaumes-ne-sont-ils-pas-toujours-numerotes-de-la-meme-facon-dans-la-bible\/\">ou\nle Psaume 90 selon les traductions<\/a>).<\/p>\n\n\n\n<p><em>Celui qui demeure sous l\u2019abri du Tr\u00e8s-Haut, repose \u00e0\nl\u2019ombre du Puissant.<\/em><br>\n<em>Je dis \u00e0 l\u2019\u00c9ternel : mon refuge et ma forteresse, mon Dieu en qui je me\nconfie ! <\/em><\/p>\n\n\n\n<p><em>Car c\u2019est Lui qui te d\u00e9livre du filet de l\u2019oiseleur, de la peste et de ses ravages.<\/em><br> <em>Il te couvrira de ses plumes, et tu trouveras un refuge sous ses ailes. <\/em><br> <\/p>\n\n\n\n<p><em>Sa fid\u00e9lit\u00e9 est un bouclier et une cuirasse.<\/em><br> <em>Tu ne craindras ni les terreurs de la nuit, ni la fl\u00e8che qui vole de jour,<\/em><br> <em>Ni la peste qui marche dans les t\u00e9n\u00e8bres, ni la contagion qui frappe en plein midi.<\/em> <br> <\/p>\n\n\n\n<p><em>Que mille tombent \u00e0 ton c\u00f4t\u00e9, et dix mille \u00e0 ta droite, tu ne seras pas atteint ;<\/em><br> <em>De tes yeux seulement tu regarderas, et tu verras ce que produit la m\u00e9chancet\u00e9.<\/em><br> <em>Car Tu es mon refuge, \u00f4 \u00c9ternel! tu fais du Tr\u00e8s-Haut ta retraite.<\/em><br> <br> <em>Aucun malheur ne t\u2019arrivera, aucun fl\u00e9au n\u2019approchera de ta tente.<\/em><br> <em>Car il ordonnera \u00e0 ses anges de te garder dans toutes tes voies ;<\/em><br> <em>Ils te porteront sur les mains, de peur que ton pied ne heurte contre une pierre.<\/em><br>  <\/p>\n\n\n\n<p><em>Tu marcheras sur le lion et sur l\u2019aspic, tu fouleras le\nlionceau et le dragon. <\/em><\/p>\n\n\n\n<p><em>Puisqu\u2019il m\u2019aime, Je le d\u00e9livrerai, Je le prot\u00e9gerai,\npuisqu\u2019il conna\u00eet mon nom.<\/em><br>\n<em>Il m\u2019invoquera, et Je lui r\u00e9pondrai. <\/em><\/p>\n\n\n\n<p><em>Je serai avec lui dans la d\u00e9tresse, Je le d\u00e9livrerai et\nje le glorifierai.<\/em><\/p>\n\n\n\n<p><em>Je le rassasierai de longs jours, et Je lui ferai voir\nmon salut.<\/em><\/p>\n","protected":false},"excerpt":{"rendered":"<p>Cinq Conseils pour affronter spirituellement une pand\u00e9mie CINQ CONSEILS POUR AFFRONTER SPIRITUELLEMENT UNE PANDEMIE &nbsp;&nbsp;&nbsp;&nbsp;&nbsp;&nbsp;&nbsp;&nbsp;&nbsp;&nbsp;&nbsp; Difficile de tenir le cap pendant une pand\u00e9mie qui contraint chacun \u00e0 rester chez soi. [&hellip;]<\/p>\n","protected":false},"author":1,"featured_media":0,"comment_status":"open","ping_status":"open","sticky":false,"template":"","format":"standard","meta":{"_et_pb_use_builder":"","_et_pb_old_content":"","_et_gb_content_width":"","footnotes":""},"categories":[1],"tags":[],"class_list":["post-2361","post","type-post","status-publish","format-standard","hentry","category-non-classe"],"_links":{"self":[{"href":"https:\/\/catholiques17.fr\/saintes\/wp-json\/wp\/v2\/posts\/2361","targetHints":{"allow":["GET"]}}],"collection":[{"href":"https:\/\/catholiques17.fr\/saintes\/wp-json\/wp\/v2\/posts"}],"about":[{"href":"https:\/\/catholiques17.fr\/saintes\/wp-json\/wp\/v2\/types\/post"}],"author":[{"embeddable":true,"href":"https:\/\/catholiques17.fr\/saintes\/wp-json\/wp\/v2\/users\/1"}],"replies":[{"embeddable":true,"href":"https:\/\/catholiques17.fr\/saintes\/wp-json\/wp\/v2\/comments?post=2361"}],"version-history":[{"count":0,"href":"https:\/\/catholiques17.fr\/saintes\/wp-json\/wp\/v2\/posts\/2361\/revisions"}],"wp:attachment":[{"href":"https:\/\/catholiques17.fr\/saintes\/wp-json\/wp\/v2\/media?parent=2361"}],"wp:term":[{"taxonomy":"category","embeddable":true,"href":"https:\/\/catholiques17.fr\/saintes\/wp-json\/wp\/v2\/categories?post=2361"},{"taxonomy":"post_tag","embeddable":true,"href":"https:\/\/catholiques17.fr\/saintes\/wp-json\/wp\/v2\/tags?post=2361"}],"curies":[{"name":"wp","href":"https:\/\/api.w.org\/{rel}","templated":true}]}}