{"id":2338,"date":"2020-03-26T18:49:25","date_gmt":"2020-03-26T17:49:25","guid":{"rendered":"https:\/\/catholiques17.fr\/saintes\/?p=2338"},"modified":"2020-03-26T18:49:25","modified_gmt":"2020-03-26T17:49:25","slug":"indulgence-pleniere-27-mars-2020","status":"publish","type":"post","link":"https:\/\/catholiques17.fr\/saintes\/indulgence-pleniere-27-mars-2020\/","title":{"rendered":"Indulgence pl\u00e9ni\u00e8re &#8211; 27 mars 2020"},"content":{"rendered":"\n<p class=\"has-background has-pale-cyan-blue-background-color\"><strong>VENDREDI 27 MARS, LE PAPE FRAN\u00c7OIS VA DONNER<\/strong> <strong>UNE B\u00c9N\u00c9DICTION HISTORIQUE AU MONDE ENTIER<\/strong><\/p>\n\n\n\n<div class=\"wp-block-image\"><figure class=\"aligncenter size-large\"><img loading=\"lazy\" decoding=\"async\" width=\"403\" height=\"204\" src=\"https:\/\/catholiques17.fr\/saintes\/wp-content\/uploads\/sites\/3\/2020\/03\/benediction-pape-Francois.jpg\" alt=\"\" class=\"wp-image-2339\" srcset=\"https:\/\/catholiques17.fr\/saintes\/wp-content\/uploads\/sites\/3\/2020\/03\/benediction-pape-Francois.jpg 403w, https:\/\/catholiques17.fr\/saintes\/wp-content\/uploads\/sites\/3\/2020\/03\/benediction-pape-Francois-300x152.jpg 300w\" sizes=\"(max-width: 403px) 100vw, 403px\" \/><\/figure><\/div>\n\n\n\n<p><em>Le pape Fran\u00e7ois a invit\u00e9 tous les fid\u00e8les \u00e0 le rejoindre\npar le biais des m\u00e9dias pour un moment de pri\u00e8re depuis la basilique\nSaint-Pierre de Rome, ce vendredi 27 mars \u00e0 18h. <\/em><\/p>\n\n\n\n<p><em>Une initiative exceptionnelle qui sera l\u2019occasion pour le\nsouverain pontife de donner la b\u00e9n\u00e9diction Urbi et Orbi (\u00ab \u00e0 la Ville et au\nMonde \u00bb). Un \u00e9v\u00e9nement historique \u00e0 de nombreux \u00e9gards.<\/em><\/p>\n\n\n\n<p>&nbsp;&nbsp;&nbsp;&nbsp;&nbsp;&nbsp;&nbsp;&nbsp;&nbsp;&nbsp;&nbsp; Face \u00e0&nbsp;<a href=\"https:\/\/fr.aleteia.org\/2020\/03\/12\/direct-coronavirus-eglises-messes-priere\/\" target=\"_blank\" rel=\"noreferrer noopener\">l\u2019\u00e9pid\u00e9mie\nde covid-19<\/a>, le pape Fran\u00e7ois va poser un geste spirituel\nextr\u00eamement fort en donnant une b\u00e9n\u00e9diction <em>Urbi et Orbi<\/em>(\u00ab\u00e0 la Ville et\nau Monde\u00bb) ce vendredi 27 mars. \u00c0 partir de 18h 00, le souverain pontife\ndevrait appara\u00eetre au balcon de la basilique Saint-Pierre devant un parvis vide\nen raison du confinement impos\u00e9 par les autorit\u00e9s. Mais ce vide ne sera que\nphysique: le pape Fran\u00e7ois invite chacun \u00e0 \u00ab<em>y participer par les moyens de\ncommunication<\/em>\u00bb, a-t-il d\u00e9clar\u00e9. <\/p>\n\n\n\n<p>&nbsp;&nbsp;&nbsp;&nbsp;&nbsp;&nbsp;&nbsp;&nbsp;&nbsp;&nbsp;&nbsp; \u00ab<em>Nous \u00e9couterons la\nParole de Dieu, nous \u00e9l\u00e8verons notre supplication, adorerons le Saint-Sacrement\navec lequel, au terme de la c\u00e9r\u00e9monie, je donnerai la b\u00e9n\u00e9diction Urbi et Orbi,\n\u00e0 laquelle sera jointe la possibilit\u00e9 de recevoir l\u2019indulgence pl\u00e9ni\u00e8re<\/em>\u00bb.<\/p>\n\n\n\n<p>&nbsp;&nbsp;&nbsp;&nbsp;&nbsp;&nbsp;&nbsp;&nbsp;&nbsp;&nbsp;&nbsp; Habituellement prononc\u00e9e \u00e0\nNo\u00ebl et \u00e0 P\u00e2ques ainsi que lors de l\u2019\u00e9lection d\u2019un nouveau pape, la b\u00e9n\u00e9diction\nde ce vendredi est un signal fort envoy\u00e9 au monde. Face \u00e0 la pand\u00e9mie du\ncoronavirus, nous sommes appel\u00e9s \u00e0 r\u00e9pondre par \u00ab<a href=\"https:\/\/fr.aleteia.org\/2020\/03\/25\/covid-19-le-pape-francois-rappelle-limportance-de-se-tourner-vers-le-pere\/\" target=\"_blank\" rel=\"noreferrer noopener\"><em>l\u2019universalit\u00e9\nde la pri\u00e8re<\/em><\/a><em>, de la compassion et de la tendresse<\/em>\u00bb, mart\u00e8le\ndepuis plusieurs semaines le pape Fran\u00e7ois.<\/p>\n\n\n\n<p>&nbsp;&nbsp;&nbsp;&nbsp;&nbsp;&nbsp;&nbsp;&nbsp;&nbsp;&nbsp;&nbsp; \u00ab<em>\u00c0 tous ceux qui\ns\u2019uniront spirituellement \u00e0 ce moment de pri\u00e8re transmis par les m\u00e9dias sera\nconc\u00e9d\u00e9e l\u2019indulgence pl\u00e9ni\u00e8re selon les conditions pr\u00e9vues dans le r\u00e9cent\nd\u00e9cret de la p\u00e9nitencerie apostolique<\/em>\u00bb, a pr\u00e9cis\u00e9 le Bureau de presse du\nSaint-Si\u00e8ge. Dat\u00e9 du 19 mars, le d\u00e9cret pr\u00e9voit notamment que cette derni\u00e8re <em>peut\n\u00eatre accord\u00e9e \u00e0 tous les fid\u00e8les qui offrent un temps de pri\u00e8re pour \u00abimplorer\ndu Dieu tout-puissant la cessation de l\u2019\u00e9pid\u00e9mie, le soulagement de ceux qui en\nsont afflig\u00e9s et le salut \u00e9ternel de ceux que le Seigneur a rappel\u00e9s \u00e0 Lui<\/em>\u00bb.<\/p>\n\n\n\n<p>&nbsp;&nbsp;&nbsp;&nbsp;&nbsp;&nbsp;&nbsp;&nbsp;&nbsp;&nbsp;&nbsp; Ce d\u00e9cret pr\u00e9cise que <strong><em>l\u2019indulgence\npl\u00e9ni\u00e8re est accord\u00e9e aux malades, au personnel de sant\u00e9, aux familles des\nmalades et \u00e0 tous ceux qui, y compris par la pri\u00e8re, s\u2019occupent de ces derniers<\/em><\/strong>.\nPour b\u00e9n\u00e9ficier de cette indulgence ils sont normalement invit\u00e9s \u00e0 s\u2019unir\nspirituellement par le biais des m\u00e9dias \u00e0 la c\u00e9l\u00e9bration de la Messe, la\nr\u00e9citation du chapelet, le Chemin de Croix ou \u00e0 d\u2019autres formes de d\u00e9votion. Si\ncela n\u2019est pas possible, l\u2019\u00c9glise invite \u00abau moins\u00bb \u00e0 la r\u00e9citation du Credo,\ndu Notre P\u00e8re et d\u2019une invocation \u00e0 Marie en offrant cette \u00e9preuve avec la\nvolont\u00e9 de remplir les conditions habituelles le plus t\u00f4t possible.<\/p>\n","protected":false},"excerpt":{"rendered":"<p>VENDREDI 27 MARS, LE PAPE FRAN\u00c7OIS VA DONNER UNE B\u00c9N\u00c9DICTION HISTORIQUE AU MONDE ENTIER Le pape Fran\u00e7ois a invit\u00e9 tous les fid\u00e8les \u00e0 le rejoindre par le biais des m\u00e9dias [&hellip;]<\/p>\n","protected":false},"author":1,"featured_media":0,"comment_status":"open","ping_status":"open","sticky":false,"template":"","format":"standard","meta":{"_et_pb_use_builder":"","_et_pb_old_content":"","_et_gb_content_width":"","footnotes":""},"categories":[1],"tags":[],"class_list":["post-2338","post","type-post","status-publish","format-standard","hentry","category-non-classe"],"_links":{"self":[{"href":"https:\/\/catholiques17.fr\/saintes\/wp-json\/wp\/v2\/posts\/2338","targetHints":{"allow":["GET"]}}],"collection":[{"href":"https:\/\/catholiques17.fr\/saintes\/wp-json\/wp\/v2\/posts"}],"about":[{"href":"https:\/\/catholiques17.fr\/saintes\/wp-json\/wp\/v2\/types\/post"}],"author":[{"embeddable":true,"href":"https:\/\/catholiques17.fr\/saintes\/wp-json\/wp\/v2\/users\/1"}],"replies":[{"embeddable":true,"href":"https:\/\/catholiques17.fr\/saintes\/wp-json\/wp\/v2\/comments?post=2338"}],"version-history":[{"count":0,"href":"https:\/\/catholiques17.fr\/saintes\/wp-json\/wp\/v2\/posts\/2338\/revisions"}],"wp:attachment":[{"href":"https:\/\/catholiques17.fr\/saintes\/wp-json\/wp\/v2\/media?parent=2338"}],"wp:term":[{"taxonomy":"category","embeddable":true,"href":"https:\/\/catholiques17.fr\/saintes\/wp-json\/wp\/v2\/categories?post=2338"},{"taxonomy":"post_tag","embeddable":true,"href":"https:\/\/catholiques17.fr\/saintes\/wp-json\/wp\/v2\/tags?post=2338"}],"curies":[{"name":"wp","href":"https:\/\/api.w.org\/{rel}","templated":true}]}}