{"id":2321,"date":"2020-03-26T14:53:27","date_gmt":"2020-03-26T13:53:27","guid":{"rendered":"https:\/\/catholiques17.fr\/saintes\/?p=2321"},"modified":"2020-03-26T14:53:27","modified_gmt":"2020-03-26T13:53:27","slug":"le-careme-en-confinement-2-24-mars-2020","status":"publish","type":"post","link":"https:\/\/catholiques17.fr\/saintes\/le-careme-en-confinement-2-24-mars-2020\/","title":{"rendered":"Cat\u00e9ch\u00e8se du 24 mars"},"content":{"rendered":"\n<p class=\"has-background has-pale-cyan-blue-background-color\"><strong>Et si le confinement \u00e9tait l\u2019occasion de vivre notre \u00ab&nbsp;meilleur&nbsp;\u00bb Car\u00eame <a href=\"https:\/\/catholiques17.fr\/saintes\/wp-content\/uploads\/sites\/3\/2020\/03\/Le-confinement-et-le-Careme-1.pdf\" target=\"_blank\" rel=\"noreferrer noopener\" aria-label=\"? (s\u2019ouvre dans un nouvel onglet)\">?<\/a><\/strong><\/p>\n\n\n\n<p>&nbsp;&nbsp;&nbsp;&nbsp;&nbsp;&nbsp;&nbsp;&nbsp;&nbsp;&nbsp;&nbsp; Au bout de quelques jours\n\u00e0 peine de confinement, certains se demandent d\u00e9j\u00e0 comment ils tiendront les\nsemaines \u00e0 venir. Cette situation sans pr\u00e9c\u00e9dent est certes angoissante, cependant,\npour tous ceux qui sont en bonne sant\u00e9, ce temps de confinement, qui co\u00efncide\navec le Car\u00eame, peut vivifier la vie spirituelle et rappeler le sens premier du\nCar\u00eame.<\/p>\n\n\n\n<p class=\"has-background has-pale-cyan-blue-background-color\"><strong>Acqu\u00e9rir une puret\u00e9 d\u2019\u00e2me et de corps<\/strong><\/p>\n\n\n\n<p>&nbsp;&nbsp;&nbsp;&nbsp;&nbsp;&nbsp;&nbsp;&nbsp;&nbsp;&nbsp;&nbsp; Le but du Car\u00eame est avant\ntout de pr\u00e9parer les \u00e2mes \u00e0 la c\u00e9l\u00e9bration du myst\u00e8re de la mort et de la\nr\u00e9surrection du Christ. Comme la solennit\u00e9 pascale surpasse en importance\ntoutes les autres f\u00eates du cycle liturgique, qui n\u2019en sont que le rayonnement,\nelle demande \u00e0 \u00eatre c\u00e9l\u00e9br\u00e9e avec une puret\u00e9 toute sp\u00e9ciale. \u00c0 la faveur du\nCar\u00eame, temps de vie chr\u00e9tienne plus intense et plus pure, les chr\u00e9tiens\npeuvent acqu\u00e9rir cette vraie puret\u00e9 d\u2019\u00e2me et de corps.<\/p>\n\n\n\n<p>&nbsp;&nbsp;&nbsp;&nbsp;&nbsp;&nbsp;&nbsp;&nbsp;&nbsp;&nbsp;&nbsp; Mentionn\u00e9 pour la premi\u00e8re\nfois en 325 dans le Concile de Nic\u00e9e, le Car\u00eame avait primitivement une\nphysionomie un peu diff\u00e9rente de celle qui lui fut attribu\u00e9e par la suite. En\neffet, il se pr\u00e9sentait comme une sorte retraite collective de quarante jours,\nqui permettait d\u2019accompagner l\u2019exp\u00e9rience spirituelle du Christ au d\u00e9sert.\nAinsi les chr\u00e9tiens se mettaient en retrait, se retiraient, se coupaient\nvolontairement du monde pendant quarante jours. Gr\u00e2ce \u00e0 ce temps d\u2019isolement,\ncoupl\u00e9 \u00e0 une vie d\u2019oraison et de p\u00e9nitence plus assidues, ils red\u00e9couvraient\nleur int\u00e9riorit\u00e9 et r\u00e9affermissaient leur vie spirituelle.<\/p>\n\n\n\n<p class=\"has-background has-pale-cyan-blue-background-color\"><strong>Imiter le Christ au d\u00e9sert<\/strong><\/p>\n\n\n\n<p>&nbsp;&nbsp;&nbsp;&nbsp;&nbsp;&nbsp;&nbsp;&nbsp;&nbsp;&nbsp;&nbsp; Le chr\u00e9tien peut\ns\u2019enrichir de tout \u00e9v\u00e9nement, de toute exp\u00e9rience, qui sont alors des occasions\nde faire grandir en lui la charit\u00e9, l\u2019amour de Dieu et des \u00e2mes. Le confinement\nfait partie des nombreux obstacles \u00e0 franchir avec confiance, dans un esprit\nd\u2019abandon \u00e0 notre P\u00e8re \u00e9ternel. Il est une belle occasion d\u2019imiter le Christ au\nd\u00e9sert, en intensifiant sa vie de pri\u00e8re, en pensant en particulier aux\nmalades, aux mourants. <\/p>\n\n\n\n<p><em>&nbsp;&nbsp;&nbsp;&nbsp;&nbsp;&nbsp;&nbsp;&nbsp;&nbsp;&nbsp;&nbsp; J\u00e9sus, Marie, je vous\naime, sauvez les \u00e2mes.<\/em>Voici une tr\u00e8s <a href=\"https:\/\/fr.aleteia.org\/2019\/05\/30\/pour-prier-avez-vous-pense-aux-oraisons-jaculatoires\/\">belle oraison jaculatoire<\/a> \u00e0 pratiquer\ntoute la journ\u00e9e, sans mod\u00e9ration.<\/p>\n","protected":false},"excerpt":{"rendered":"<p>Et si le confinement \u00e9tait l\u2019occasion de vivre notre \u00ab&nbsp;meilleur&nbsp;\u00bb Car\u00eame ? &nbsp;&nbsp;&nbsp;&nbsp;&nbsp;&nbsp;&nbsp;&nbsp;&nbsp;&nbsp;&nbsp; Au bout de quelques jours \u00e0 peine de confinement, certains se demandent d\u00e9j\u00e0 comment ils tiendront les [&hellip;]<\/p>\n","protected":false},"author":1,"featured_media":0,"comment_status":"open","ping_status":"open","sticky":false,"template":"","format":"standard","meta":{"_et_pb_use_builder":"","_et_pb_old_content":"","_et_gb_content_width":"","footnotes":""},"categories":[1],"tags":[],"class_list":["post-2321","post","type-post","status-publish","format-standard","hentry","category-non-classe"],"_links":{"self":[{"href":"https:\/\/catholiques17.fr\/saintes\/wp-json\/wp\/v2\/posts\/2321","targetHints":{"allow":["GET"]}}],"collection":[{"href":"https:\/\/catholiques17.fr\/saintes\/wp-json\/wp\/v2\/posts"}],"about":[{"href":"https:\/\/catholiques17.fr\/saintes\/wp-json\/wp\/v2\/types\/post"}],"author":[{"embeddable":true,"href":"https:\/\/catholiques17.fr\/saintes\/wp-json\/wp\/v2\/users\/1"}],"replies":[{"embeddable":true,"href":"https:\/\/catholiques17.fr\/saintes\/wp-json\/wp\/v2\/comments?post=2321"}],"version-history":[{"count":0,"href":"https:\/\/catholiques17.fr\/saintes\/wp-json\/wp\/v2\/posts\/2321\/revisions"}],"wp:attachment":[{"href":"https:\/\/catholiques17.fr\/saintes\/wp-json\/wp\/v2\/media?parent=2321"}],"wp:term":[{"taxonomy":"category","embeddable":true,"href":"https:\/\/catholiques17.fr\/saintes\/wp-json\/wp\/v2\/categories?post=2321"},{"taxonomy":"post_tag","embeddable":true,"href":"https:\/\/catholiques17.fr\/saintes\/wp-json\/wp\/v2\/tags?post=2321"}],"curies":[{"name":"wp","href":"https:\/\/api.w.org\/{rel}","templated":true}]}}