{"id":2310,"date":"2020-03-26T14:41:13","date_gmt":"2020-03-26T13:41:13","guid":{"rendered":"https:\/\/catholiques17.fr\/saintes\/?p=2310"},"modified":"2020-03-26T14:41:13","modified_gmt":"2020-03-26T13:41:13","slug":"le-careme-en-confinement-4","status":"publish","type":"post","link":"https:\/\/catholiques17.fr\/saintes\/le-careme-en-confinement-4\/","title":{"rendered":"Cat\u00e9ch\u00e8se du 26 mars"},"content":{"rendered":"\n<p class=\"has-background has-pale-cyan-blue-background-color\"><strong>TEMPS DE PANDEMIE\u00a0: REPENSER AU SENS DE L\u2019EXISTENCE<\/strong><\/p>\n\n\n\n<p>&nbsp;&nbsp;&nbsp;&nbsp;&nbsp;&nbsp;&nbsp;&nbsp;&nbsp;&nbsp;&nbsp; Le courage se voit dans\nl\u2019impr\u00e9vu des situations et parfois le sacrifice prend une forme inattendue,\nmais c\u2019est un vrai sacrifice. Malade, notre soci\u00e9t\u00e9 l\u2019\u00e9tait d\u00e9j\u00e0 \u00e0 tous les\npoints de vue&nbsp;: \u00e9conomique, \u00e9ducatif, artistique, sanitaire, social et\nspirituel&nbsp;; mais d\u2019un coup en quelques semaines, la soci\u00e9t\u00e9 est f\u00e9brile\ndans son corps tout entier : tous ses membres sont expos\u00e9s \u00e0 la maladie.<\/p>\n\n\n\n<p>&nbsp;&nbsp;&nbsp;&nbsp;&nbsp;&nbsp;&nbsp;&nbsp;&nbsp;&nbsp;&nbsp; <em>Ce contexte de pand\u00e9mie\noblige \u00e0 repenser au sens de l\u2019existence<\/em>, \u00e0 purifier les repr\u00e9sentations\nenfantines de la foi religieuse, pour se poser dans un face-\u00e0-face lucide avec\nl\u2019\u00e9nigme de la condition humaine. Si nous ne mourrons pas tous du covid-19,\nnous allons tous mourir un jour, et quitter ce monde : \u00ab<em>c\u2019est juste une\nquestion de jours avant que tu meurs<\/em>\u00bb dit l\u2019adage. Ce monde n\u2019est pas un\nlieu o\u00f9 l\u2019on reste, mais un lieu o\u00f9 l\u2019on passe. Ce n\u2019est pas la v\u00e9rit\u00e9 des quelques-uns,\nc\u2019est la v\u00e9rit\u00e9 pour tous. Celle que nous avions si d\u00e9licatement rel\u00e9gu\u00e9 aux\noubliettes des r\u00e9alit\u00e9s essentielles.&nbsp;<\/p>\n\n\n\n<p class=\"has-background has-pale-cyan-blue-background-color\"><strong>Plus \u00e0 donner<\/strong><\/p>\n\n\n\n<p>&nbsp;&nbsp;&nbsp;&nbsp;&nbsp;&nbsp;&nbsp;&nbsp;&nbsp;&nbsp;&nbsp; La question se reporte\nalors sur la valeur de chaque jour. Si le temps est compt\u00e9 pour tous, <em>les\ncitoyens de confession chr\u00e9tienne ont plus \u00e0 donner \u00e0 cette \u00e9poque qui souffre<\/em>.\nLa responsabilit\u00e9 des chr\u00e9tiens s\u2019atteste dans l\u2019annonce du triomphe de\nl\u2019amour, celui que nous aurons su donner, celui que nous serons devenus. Une\npersonne de confession chr\u00e9tienne n\u2019est-elle pas proph\u00e8te du monde qui vient de\npar-del\u00e0 la mort&nbsp;?<\/p>\n\n\n\n<p>&nbsp;&nbsp;&nbsp;&nbsp;&nbsp;&nbsp;&nbsp;&nbsp;&nbsp;&nbsp;&nbsp; Une c\u00e9l\u00e9bration religieuse\ndans une \u00e9glise n\u2019est pas un \u00eelot pour s\u2019extraire du monde, mais une assembl\u00e9e\no\u00f9 le salut du monde entier est pris en compte. Lorsque nous pourrons communier\n\u00e0 nouveau au Corps du Christ ressuscit\u00e9, nous ne communierons pas seulement\npour nous, mais aussi pour les autres, et pour le monde. Plus exactement, pour\nque les autres trouvent ce qu\u2019ils ont le droit de trouver dans le c\u0153ur d\u2019un\nfr\u00e8re et d\u2019une s\u0153ur de confession chr\u00e9tienne: l\u2019accueil, le sourire, le pardon,\nl\u2019amour et la confiance.<\/p>\n\n\n\n<p>&nbsp;&nbsp;&nbsp;&nbsp;&nbsp;&nbsp;&nbsp;&nbsp;&nbsp;&nbsp;&nbsp; Le pain de l\u2019autel et le vin\ndu calice sont devenus la chair vivifi\u00e9e par l\u2019Esprit et le sang de l\u2019Alliance.\nIls ne sont pas le fait de l\u2019homme mais de l\u2019Esprit de Dieu qui consacre le\nfruit de la terre et du travail des hommes pour qu\u2019ils deviennent par la foi de\nl\u2019\u00c9glise, la manifestation de l\u2019amour du P\u00e8re pour eux. Ainsi, le corps et le\nsang de J\u00e9sus ressuscit\u00e9 reforment les c\u0153urs et disposent le corps \u00e0 incarner\nl\u2019amour dont le P\u00e8re aime d\u00e9j\u00e0 chacun irr\u00e9vocablement et sans condition. <\/p>\n\n\n\n<p>&nbsp;&nbsp;&nbsp;&nbsp;&nbsp;&nbsp;&nbsp;&nbsp;&nbsp;&nbsp;&nbsp; Cette soudaine privation\nde Messes est \u00e0 recevoir comme une invitation pour chaque fran\u00e7ais de\nconfession catholique \u00e0 red\u00e9couvrir ce qu\u2019une c\u00e9l\u00e9bration de la Messe signifie\net r\u00e9alise.&nbsp;<\/p>\n","protected":false},"excerpt":{"rendered":"<p>TEMPS DE PANDEMIE\u00a0: REPENSER AU SENS DE L\u2019EXISTENCE &nbsp;&nbsp;&nbsp;&nbsp;&nbsp;&nbsp;&nbsp;&nbsp;&nbsp;&nbsp;&nbsp; Le courage se voit dans l\u2019impr\u00e9vu des situations et parfois le sacrifice prend une forme inattendue, mais c\u2019est un vrai sacrifice. [&hellip;]<\/p>\n","protected":false},"author":1,"featured_media":0,"comment_status":"open","ping_status":"open","sticky":false,"template":"","format":"standard","meta":{"_et_pb_use_builder":"","_et_pb_old_content":"","_et_gb_content_width":"","footnotes":""},"categories":[1],"tags":[],"class_list":["post-2310","post","type-post","status-publish","format-standard","hentry","category-non-classe"],"_links":{"self":[{"href":"https:\/\/catholiques17.fr\/saintes\/wp-json\/wp\/v2\/posts\/2310","targetHints":{"allow":["GET"]}}],"collection":[{"href":"https:\/\/catholiques17.fr\/saintes\/wp-json\/wp\/v2\/posts"}],"about":[{"href":"https:\/\/catholiques17.fr\/saintes\/wp-json\/wp\/v2\/types\/post"}],"author":[{"embeddable":true,"href":"https:\/\/catholiques17.fr\/saintes\/wp-json\/wp\/v2\/users\/1"}],"replies":[{"embeddable":true,"href":"https:\/\/catholiques17.fr\/saintes\/wp-json\/wp\/v2\/comments?post=2310"}],"version-history":[{"count":0,"href":"https:\/\/catholiques17.fr\/saintes\/wp-json\/wp\/v2\/posts\/2310\/revisions"}],"wp:attachment":[{"href":"https:\/\/catholiques17.fr\/saintes\/wp-json\/wp\/v2\/media?parent=2310"}],"wp:term":[{"taxonomy":"category","embeddable":true,"href":"https:\/\/catholiques17.fr\/saintes\/wp-json\/wp\/v2\/categories?post=2310"},{"taxonomy":"post_tag","embeddable":true,"href":"https:\/\/catholiques17.fr\/saintes\/wp-json\/wp\/v2\/tags?post=2310"}],"curies":[{"name":"wp","href":"https:\/\/api.w.org\/{rel}","templated":true}]}}