{"id":14510,"date":"2026-09-02T13:24:15","date_gmt":"2026-09-02T11:24:15","guid":{"rendered":"https:\/\/catholiques17.fr\/saintes\/?p=14510"},"modified":"2026-09-02T13:24:16","modified_gmt":"2026-09-02T11:24:16","slug":"concert-lyrique-du-groupe-les-4-fantasquestiques","status":"publish","type":"post","link":"https:\/\/catholiques17.fr\/saintes\/concert-lyrique-du-groupe-les-4-fantasquestiques\/","title":{"rendered":"Concert lyrique du groupe \u00ab\u00a0les 4 fantasques&rsquo;tiques\u00a0\u00bb"},"content":{"rendered":"\n<p>Vous \u00eates convi\u00e9 \u00e0 un concert lyrique du groupe \u00ab\u00a0les 4 fantasques&rsquo; tiques\u00a0\u00bb, compos\u00e9 de Agn\u00e8s Fouch\u00e9, Dani\u00e8le Carbonnel alto, Gilles Gu\u00e9nard baryton, et Guillaume Corti piano<\/p>\n\n\n\n<p>Le 13 Septembre 17h au temple de Saintes<\/p>\n\n\n\n<p>Le b\u00e9n\u00e9fice de ce concert sera int\u00e9gralement revers\u00e9 \u00e0 l&rsquo;Association Ass&rsquo;Hum Ha\u00efti, pour ses actions \u00e9ducatives sur place.<\/p>\n\n\n\n<figure class=\"wp-block-image size-full\"><img loading=\"lazy\" decoding=\"async\" width=\"566\" height=\"800\" src=\"https:\/\/catholiques17.fr\/saintes\/wp-content\/uploads\/sites\/3\/2026\/09\/flyer-concert-13-sept-2026_page-0001.jpg\" alt=\"\" class=\"wp-image-14506\" srcset=\"https:\/\/catholiques17.fr\/saintes\/wp-content\/uploads\/sites\/3\/2026\/09\/flyer-concert-13-sept-2026_page-0001.jpg 566w, https:\/\/catholiques17.fr\/saintes\/wp-content\/uploads\/sites\/3\/2026\/09\/flyer-concert-13-sept-2026_page-0001-480x678.jpg 480w\" sizes=\"(min-width: 0px) and (max-width: 480px) 480px, (min-width: 481px) 566px, 100vw\" \/><\/figure>\n","protected":false},"excerpt":{"rendered":"<p>Vous \u00eates convi\u00e9 \u00e0 un concert lyrique du groupe \u00ab\u00a0les 4 fantasques&rsquo; tiques\u00a0\u00bb, compos\u00e9 de Agn\u00e8s Fouch\u00e9, Dani\u00e8le Carbonnel alto, Gilles Gu\u00e9nard baryton, et Guillaume Corti piano Le 13 Septembre [&hellip;]<\/p>\n","protected":false},"author":9,"featured_media":14506,"comment_status":"open","ping_status":"open","sticky":false,"template":"","format":"standard","meta":{"_et_pb_use_builder":"off","_et_pb_old_content":"","_et_gb_content_width":"","footnotes":""},"categories":[6],"tags":[],"class_list":["post-14510","post","type-post","status-publish","format-standard","has-post-thumbnail","hentry","category-actualite"],"_links":{"self":[{"href":"https:\/\/catholiques17.fr\/saintes\/wp-json\/wp\/v2\/posts\/14510","targetHints":{"allow":["GET"]}}],"collection":[{"href":"https:\/\/catholiques17.fr\/saintes\/wp-json\/wp\/v2\/posts"}],"about":[{"href":"https:\/\/catholiques17.fr\/saintes\/wp-json\/wp\/v2\/types\/post"}],"author":[{"embeddable":true,"href":"https:\/\/catholiques17.fr\/saintes\/wp-json\/wp\/v2\/users\/9"}],"replies":[{"embeddable":true,"href":"https:\/\/catholiques17.fr\/saintes\/wp-json\/wp\/v2\/comments?post=14510"}],"version-history":[{"count":1,"href":"https:\/\/catholiques17.fr\/saintes\/wp-json\/wp\/v2\/posts\/14510\/revisions"}],"predecessor-version":[{"id":14511,"href":"https:\/\/catholiques17.fr\/saintes\/wp-json\/wp\/v2\/posts\/14510\/revisions\/14511"}],"wp:featuredmedia":[{"embeddable":true,"href":"https:\/\/catholiques17.fr\/saintes\/wp-json\/wp\/v2\/media\/14506"}],"wp:attachment":[{"href":"https:\/\/catholiques17.fr\/saintes\/wp-json\/wp\/v2\/media?parent=14510"}],"wp:term":[{"taxonomy":"category","embeddable":true,"href":"https:\/\/catholiques17.fr\/saintes\/wp-json\/wp\/v2\/categories?post=14510"},{"taxonomy":"post_tag","embeddable":true,"href":"https:\/\/catholiques17.fr\/saintes\/wp-json\/wp\/v2\/tags?post=14510"}],"curies":[{"name":"wp","href":"https:\/\/api.w.org\/{rel}","templated":true}]}}