{"id":14495,"date":"2026-08-30T11:58:04","date_gmt":"2026-08-30T09:58:04","guid":{"rendered":"https:\/\/catholiques17.fr\/saintes\/?p=14495"},"modified":"2026-08-30T12:02:05","modified_gmt":"2026-08-30T10:02:05","slug":"marche-organisee-par-eco-chretien-dialogue-meditatif-entre-science-et-foi-chretienne","status":"publish","type":"post","link":"https:\/\/catholiques17.fr\/saintes\/marche-organisee-par-eco-chretien-dialogue-meditatif-entre-science-et-foi-chretienne\/","title":{"rendered":"Marche organis\u00e9e par \u00ab\u00a0Eco Chr\u00e9tien\u00a0\u00bb : dialogue m\u00e9ditatif entre science et foi chr\u00e9tienne"},"content":{"rendered":"\n<p>Echo Chr\u00e9tiens 17, dans la mouvance de l&rsquo;encyclique Laudato\u2019si, <strong>propose une Marche du temps profond<\/strong><\/p>\n\n\n\n<p>&nbsp;&nbsp;&nbsp; Venez d\u00e9couvrir l\u2019\u00e9tonnante histoire de notre plan\u00e8te et du monde vivant dans un <strong>dialogue m\u00e9ditatif entre science et foi chr\u00e9tienne<\/strong>. Revivez en 3 heures les grandes \u00e9tapes des 4,6 milliards d\u2019ann\u00e9es de l\u2019histoire de la Terre. Chaque m\u00e8tre repr\u00e9sente 1 million d\u2019ann\u00e9es.<\/p>\n\n\n\n<p>\u00a0\u00a0\u00a0 Quand ? Le <strong>samedi 12 septembre<\/strong>, pendant le mois de la Cr\u00e9ation, de 9 h \u00e0 12 h.<\/p>\n\n\n\n<p>\u00a0\u00a0\u00a0 O\u00f9 ? \u00c0 Ecurat ( nous vous pr\u00e9ciserons le lieu de d\u00e9part par la suite) .<\/p>\n\n\n\n<p>&nbsp;&nbsp;&nbsp; Distance \u00e0 parcourir : 4,6 km.<\/p>\n\n\n\n<p>&nbsp;&nbsp;&nbsp; Pour qui ?&nbsp; Pour les paroissiens et ouvert \u00e0 tous. Nombre de places limit\u00e9.<\/p>\n\n\n\n<p>&nbsp;&nbsp;&nbsp; Avec qui ?&nbsp; Olivier Lecroart, animateur du mouvement International Laudato Si et membre d&rsquo;Eco Chr\u00e9tiens 17<\/p>\n\n\n\n<p>&nbsp;&nbsp;&nbsp; Pr\u00e9voir : une tenue adapt\u00e9e \u00e0 la m\u00e9t\u00e9o, un chapeau de soleil, de l\u2019eau.<\/p>\n\n\n\n<p>&nbsp;&nbsp;&nbsp; Renseignements et inscriptions&nbsp; aupr\u00e8s de :<\/p>\n\n\n\n<p>&nbsp;&nbsp;&nbsp; Olivier Lecroart&nbsp;&nbsp;&nbsp; t\u00e9l&nbsp; <strong>06 09 35 86 78&nbsp; <\/strong>ou courriel :&nbsp; <strong>familletolc@yahoo.fr.<\/strong><\/p>\n\n\n\n<p><strong>\u00a0\u00a0\u00a0\u00a0\u00a0\u00a0\u00a0\u00a0\u00a0\u00a0\u00a0\u00a0\u00a0\u00a0 R\u00e9ponse souhait\u00e9e avant le 5 septembre<\/strong><\/p>\n","protected":false},"excerpt":{"rendered":"<p>Echo Chr\u00e9tiens 17, dans la mouvance de l&rsquo;encyclique Laudato\u2019si, propose une Marche du temps profond &nbsp;&nbsp;&nbsp; Venez d\u00e9couvrir l\u2019\u00e9tonnante histoire de notre plan\u00e8te et du monde vivant dans un dialogue [&hellip;]<\/p>\n","protected":false},"author":9,"featured_media":13058,"comment_status":"open","ping_status":"open","sticky":false,"template":"","format":"standard","meta":{"_et_pb_use_builder":"off","_et_pb_old_content":"","_et_gb_content_width":"","footnotes":""},"categories":[6],"tags":[],"class_list":["post-14495","post","type-post","status-publish","format-standard","has-post-thumbnail","hentry","category-actualite"],"_links":{"self":[{"href":"https:\/\/catholiques17.fr\/saintes\/wp-json\/wp\/v2\/posts\/14495","targetHints":{"allow":["GET"]}}],"collection":[{"href":"https:\/\/catholiques17.fr\/saintes\/wp-json\/wp\/v2\/posts"}],"about":[{"href":"https:\/\/catholiques17.fr\/saintes\/wp-json\/wp\/v2\/types\/post"}],"author":[{"embeddable":true,"href":"https:\/\/catholiques17.fr\/saintes\/wp-json\/wp\/v2\/users\/9"}],"replies":[{"embeddable":true,"href":"https:\/\/catholiques17.fr\/saintes\/wp-json\/wp\/v2\/comments?post=14495"}],"version-history":[{"count":1,"href":"https:\/\/catholiques17.fr\/saintes\/wp-json\/wp\/v2\/posts\/14495\/revisions"}],"predecessor-version":[{"id":14496,"href":"https:\/\/catholiques17.fr\/saintes\/wp-json\/wp\/v2\/posts\/14495\/revisions\/14496"}],"wp:featuredmedia":[{"embeddable":true,"href":"https:\/\/catholiques17.fr\/saintes\/wp-json\/wp\/v2\/media\/13058"}],"wp:attachment":[{"href":"https:\/\/catholiques17.fr\/saintes\/wp-json\/wp\/v2\/media?parent=14495"}],"wp:term":[{"taxonomy":"category","embeddable":true,"href":"https:\/\/catholiques17.fr\/saintes\/wp-json\/wp\/v2\/categories?post=14495"},{"taxonomy":"post_tag","embeddable":true,"href":"https:\/\/catholiques17.fr\/saintes\/wp-json\/wp\/v2\/tags?post=14495"}],"curies":[{"name":"wp","href":"https:\/\/api.w.org\/{rel}","templated":true}]}}