{"id":13934,"date":"2026-04-30T13:02:59","date_gmt":"2026-04-30T11:02:59","guid":{"rendered":"https:\/\/catholiques17.fr\/saintes\/?p=13934"},"modified":"2026-04-30T13:03:00","modified_gmt":"2026-04-30T11:03:00","slug":"pelerinage-pour-les-vocations","status":"publish","type":"post","link":"https:\/\/catholiques17.fr\/saintes\/pelerinage-pour-les-vocations\/","title":{"rendered":"P\u00e9lerinage pour les vocations"},"content":{"rendered":"\n<p>Lundi 25 mai, p\u00e9lerinage pour les vocations, du Saint L\u00e9ger \u00e0 Notre Dame de Recouvrance.<\/p>\n\n\n\n<p>Rendez-vous \u00e0 9h \u00e0 l&rsquo;\u00e9glise de Saint L\u00e9ger (pour les marcheurs) &#8211; marche &#8211; chants &#8211; pri\u00e8res<\/p>\n\n\n\n<p>Pour les non marcheurs, 11h \u00e0 l&rsquo;\u00e9glise Saint Vivien de Pons &#8211; chapelet &#8211; adoration<\/p>\n\n\n\n<p>12h : arriv\u00e9e des marcheurs \u00e0 l&rsquo;\u00e9glise Saint Vivien de Pons &#8211; pique-nique<\/p>\n\n\n\n<p>13h30 : enseignement<\/p>\n\n\n\n<p>14h30 : d\u00e9part de la procession vers l&rsquo;\u00e9glise Saint Martin de Pons<\/p>\n\n\n\n<p>15h : messe de cl\u00f4ture, pr\u00e9sid\u00e9e par Mgr Bozo \u00e0 l&rsquo;\u00e9glise Saint Martin de Pons<\/p>\n","protected":false},"excerpt":{"rendered":"<p>Lundi 25 mai, p\u00e9lerinage pour les vocations, du Saint L\u00e9ger \u00e0 Notre Dame de Recouvrance. Rendez-vous \u00e0 9h \u00e0 l&rsquo;\u00e9glise de Saint L\u00e9ger (pour les marcheurs) &#8211; marche &#8211; chants [&hellip;]<\/p>\n","protected":false},"author":9,"featured_media":13932,"comment_status":"open","ping_status":"open","sticky":false,"template":"","format":"standard","meta":{"_et_pb_use_builder":"off","_et_pb_old_content":"","_et_gb_content_width":"","footnotes":""},"categories":[6],"tags":[],"class_list":["post-13934","post","type-post","status-publish","format-standard","has-post-thumbnail","hentry","category-actualite"],"_links":{"self":[{"href":"https:\/\/catholiques17.fr\/saintes\/wp-json\/wp\/v2\/posts\/13934","targetHints":{"allow":["GET"]}}],"collection":[{"href":"https:\/\/catholiques17.fr\/saintes\/wp-json\/wp\/v2\/posts"}],"about":[{"href":"https:\/\/catholiques17.fr\/saintes\/wp-json\/wp\/v2\/types\/post"}],"author":[{"embeddable":true,"href":"https:\/\/catholiques17.fr\/saintes\/wp-json\/wp\/v2\/users\/9"}],"replies":[{"embeddable":true,"href":"https:\/\/catholiques17.fr\/saintes\/wp-json\/wp\/v2\/comments?post=13934"}],"version-history":[{"count":1,"href":"https:\/\/catholiques17.fr\/saintes\/wp-json\/wp\/v2\/posts\/13934\/revisions"}],"predecessor-version":[{"id":13935,"href":"https:\/\/catholiques17.fr\/saintes\/wp-json\/wp\/v2\/posts\/13934\/revisions\/13935"}],"wp:featuredmedia":[{"embeddable":true,"href":"https:\/\/catholiques17.fr\/saintes\/wp-json\/wp\/v2\/media\/13932"}],"wp:attachment":[{"href":"https:\/\/catholiques17.fr\/saintes\/wp-json\/wp\/v2\/media?parent=13934"}],"wp:term":[{"taxonomy":"category","embeddable":true,"href":"https:\/\/catholiques17.fr\/saintes\/wp-json\/wp\/v2\/categories?post=13934"},{"taxonomy":"post_tag","embeddable":true,"href":"https:\/\/catholiques17.fr\/saintes\/wp-json\/wp\/v2\/tags?post=13934"}],"curies":[{"name":"wp","href":"https:\/\/api.w.org\/{rel}","templated":true}]}}