{"id":13889,"date":"2026-04-20T09:05:05","date_gmt":"2026-04-20T07:05:05","guid":{"rendered":"https:\/\/catholiques17.fr\/saintes\/?p=13889"},"modified":"2026-04-23T09:48:00","modified_gmt":"2026-04-23T07:48:00","slug":"fete-de-la-saint-eutrope-samedi-25-et-dimanche-26-avril","status":"publish","type":"post","link":"https:\/\/catholiques17.fr\/saintes\/fete-de-la-saint-eutrope-samedi-25-et-dimanche-26-avril\/","title":{"rendered":"F\u00eate de la SAINT EUTROPE &#8211; samedi 25 et dimanche 26 avril"},"content":{"rendered":"\n<blockquote class=\"wp-block-quote is-layout-flow wp-block-quote-is-layout-flow\">\n<blockquote class=\"wp-block-quote is-layout-flow wp-block-quote-is-layout-flow\">\n<blockquote class=\"wp-block-quote is-layout-flow wp-block-quote-is-layout-flow\">\n<blockquote class=\"wp-block-quote is-layout-flow wp-block-quote-is-layout-flow\">\n<p>Comme l\u2019an dernier, sensiblement \u00e0 la m\u00eame p\u00e9riode, un grand \u00e9v\u00e8nement r\u00e9unira tous les Saintais et leurs voisins dans notre belle ville \u00e0 l\u2019occasion de la&nbsp;&nbsp;&nbsp;&nbsp;&nbsp;<strong>&nbsp;<\/strong><strong>F\u00eate de la SAINT EUTROPE<\/strong><\/p>\n<\/blockquote>\n<\/blockquote>\n<\/blockquote>\n<\/blockquote>\n\n\n\n<blockquote class=\"wp-block-quote is-layout-flow wp-block-quote-is-layout-flow\">\n<blockquote class=\"wp-block-quote is-layout-flow wp-block-quote-is-layout-flow\">\n<p>Elle se d\u00e9roulera en 2 temps : <\/p>\n\n\n\n<p><strong>Samedi 25 avril \u00e0 20 h 30<\/strong> <strong>Basilique Saint Eutrope<\/strong>. enseignement\u00a0 de Monseigneur Bozo sur le th\u00e8me : <\/p>\n\n\n\n<p>&nbsp; &nbsp; &nbsp; &nbsp; &nbsp; &nbsp; &nbsp; &nbsp; &nbsp; &nbsp; &nbsp; &nbsp; &nbsp; \u00a0\u00bb R\u00e9veillez votre bapt\u00eame et votre confirmation pour t\u00e9moigner aujourd&rsquo;hui\u00a0\u00bb<\/p>\n\n\n\n<p>suivi de&nbsp; l&rsquo;adoration eucharistique<\/p>\n<\/blockquote>\n<\/blockquote>\n\n\n\n<blockquote class=\"wp-block-quote is-layout-flow wp-block-quote-is-layout-flow\">\n<blockquote class=\"wp-block-quote is-layout-flow wp-block-quote-is-layout-flow\">\n<p><strong>Dimanche 26 avril&nbsp;<\/strong><\/p>\n\n\n\n<ul class=\"wp-block-list\">\n<li><strong>de 10 h 30 \u00e0 12 h&nbsp;<\/strong>\u00e0 la cath\u00e9drale : vous pourrez assister \u00e0 une Conf\u00e9rence de&nbsp;<strong>Tugdual DERVILLE<\/strong>,&nbsp;D\u00e9l\u00e9gu\u00e9 G\u00e9n\u00e9ral d\u2019Alliance Vita :&nbsp;\u00ab&nbsp;La Vie jusqu\u2019au bout.&nbsp;\u00bb<\/li>\n\n\n\n<li><strong>\u00e0 12 h 15&nbsp;<\/strong>sur la Place Saint-Pierre : repas indien en plein air pr\u00e9par\u00e9&nbsp;par Patrick (Saint Julien) un de nos paroissiens&nbsp;<\/li>\n<\/ul>\n\n\n\n<p>Prix du repas :&nbsp;<strong>12 euros<\/strong>&nbsp;pour les adultes et&nbsp;<strong>5 euros<\/strong>&nbsp;pour les enfants de moins de 12 ans.<\/p>\n\n\n\n<p>RESERVATION OBLIGATOIRE !<\/p>\n<\/blockquote>\n<\/blockquote>\n\n\n\n<figure class=\"wp-block-embed is-type-wp-embed is-provider-dioc-egrave-se-la-rochelle wp-block-embed-dioc-egrave-se-la-rochelle\"><div class=\"wp-block-embed__wrapper\">\n<blockquote class=\"wp-embedded-content\" data-secret=\"oc40Qrh8Dw\"><a href=\"https:\/\/catholiques17.fr\/25-et-26-avril-fetons-saint-eutrope-a-saintes\/\">25 et 26 avril : f\u00eatons saint Eutrope \u00e0 Saintes !<\/a><\/blockquote><iframe loading=\"lazy\" class=\"wp-embedded-content\" sandbox=\"allow-scripts\" security=\"restricted\" style=\"position: absolute; visibility: hidden;\" title=\"\u00ab\u00a025 et 26 avril : f\u00eatons saint Eutrope \u00e0 Saintes !\u00a0\u00bb &#8212; Dioc&egrave;se la Rochelle\" src=\"https:\/\/catholiques17.fr\/25-et-26-avril-fetons-saint-eutrope-a-saintes\/embed\/#?secret=VHw4IokEbg#?secret=oc40Qrh8Dw\" data-secret=\"oc40Qrh8Dw\" width=\"600\" height=\"338\" frameborder=\"0\" marginwidth=\"0\" marginheight=\"0\" scrolling=\"no\"><\/iframe>\n<\/div><\/figure>\n\n\n\n<blockquote class=\"wp-block-quote is-layout-flow wp-block-quote-is-layout-flow\">\n<p><\/p>\n<\/blockquote>\n\n\n\n<blockquote class=\"wp-block-quote is-layout-flow wp-block-quote-is-layout-flow\">\n<blockquote class=\"wp-block-quote is-layout-flow wp-block-quote-is-layout-flow\">\n<p>Ne manquez pas ce repas convivial qui se terminera par un d\u00e9licieux dessert : le g\u00e2teau de Saint-Eutrope&nbsp;<\/p>\n\n\n\n<p>&nbsp;pr\u00e9sent\u00e9 par le Chef P\u00e2tissier de la boulangerie-p\u00e2tisserie&nbsp;<strong>le 38.<\/strong><\/p>\n\n\n\n<p>Nous aurons \u00e9galement la pr\u00e9sence \u00e0 nos c\u00f4t\u00e9s de l\u2019Orchestre Harmonique de la ville de Saintes ainsi que 6 associations saintaises qui animeront le repas en nous pr\u00e9sentant leur savoir faire avec quelques d\u00e9monstrations dont elles ont le secret. Vous pourrez ainsi d\u00e9couvrir que les&nbsp;<strong>Saintais ont du talent.<\/strong><\/p>\n\n\n\n<ul class=\"wp-block-list\">\n<li>Puis<strong>&nbsp;\u00e0 14 h 30<\/strong>, nous commencerons la&nbsp;&nbsp;procession en pr\u00e9sence des reliques de Saint Eutrope, elle se d\u00e9roulera&nbsp;&nbsp;\u00e0 travers les rues pi\u00e9tonnes avec 3 arr\u00eats d\u2019une dizaine de minutes chacun&nbsp;&nbsp;pour se terminer \u00e0 la Basilique Saint-Eutrope<\/li>\n<\/ul>\n\n\n\n<p><u>&nbsp;premier arr\u00eat<\/u> : 2 n\u00e9ophytes t\u00e9moigneront de leur r\u00e9cent bapt\u00eame,<em>&nbsp;<\/em><\/p>\n\n\n\n<p><em><u>&nbsp;2\u00e8me arr\u00eat<\/u>&nbsp;: nous aurons la chance d\u2019 \u00e9couter la chorale SEVE anim\u00e9e par &nbsp; Th\u00e9ophile,<\/em><\/p>\n\n\n\n<p><u>&nbsp;3\u00e8me arr\u00eat<\/u> : nous finirons en beaut\u00e9 pas un&nbsp;&nbsp;quatuor du choeur liturgique de l\u2019Bbbaye aux&nbsp;Dames, aim\u00e9 par Didier WISSELMANN.<\/p>\n<\/blockquote>\n<\/blockquote>\n\n\n\n<blockquote class=\"wp-block-quote is-layout-flow wp-block-quote-is-layout-flow\">\n<blockquote class=\"wp-block-quote is-layout-flow wp-block-quote-is-layout-flow\">\n<p>Pour cl\u00f4turer cette belle journ\u00e9e \u00e0 16 h en la basilique Saint-Eutrope se tiendra une messe pr\u00e9sid\u00e9e par Monseigneur BOZO et anim\u00e9e pas le Doyenn\u00e9 de Rochefort. Cet \u00e9v\u00e9nement dioc\u00e9sain , sous le signe du partage, a pour volont\u00e9 d&rsquo;accueillir tous les Saintais&nbsp;et tout public, nous comptons donc tr\u00e8s fort sur votre participation pour y faire briller notre engagement de chr\u00e9tiens&nbsp;<\/p>\n<\/blockquote>\n<\/blockquote>\n\n\n\n<blockquote class=\"wp-block-quote is-layout-flow wp-block-quote-is-layout-flow\">\n<blockquote class=\"wp-block-quote is-layout-flow wp-block-quote-is-layout-flow\">\n<p>Nous sommes une vingtaine de paroissiens et membres de l\u2019\u00e9glise \u00e0 pr\u00e9parer cette belle journ\u00e9e autour du P\u00e8re MONNARD depuis quelques mois. Venez donc tr\u00e8s nombreux y participer (en tout ou partie selon votre choix), nous vous accueillerons avec grand plaisir. D\u2019avance un grand merci de votre pr\u00e9cieuse collaboration et pr\u00e9sence afin que cette f\u00eate de Saint-Eutrope connaisse un beau rayonnement dans notre Cit\u00e9.<\/p>\n<\/blockquote>\n<\/blockquote>\n","protected":false},"excerpt":{"rendered":"","protected":false},"author":9,"featured_media":13898,"comment_status":"open","ping_status":"open","sticky":false,"template":"","format":"standard","meta":{"_et_pb_use_builder":"off","_et_pb_old_content":"","_et_gb_content_width":"","footnotes":""},"categories":[6],"tags":[],"class_list":["post-13889","post","type-post","status-publish","format-standard","has-post-thumbnail","hentry","category-actualite"],"_links":{"self":[{"href":"https:\/\/catholiques17.fr\/saintes\/wp-json\/wp\/v2\/posts\/13889","targetHints":{"allow":["GET"]}}],"collection":[{"href":"https:\/\/catholiques17.fr\/saintes\/wp-json\/wp\/v2\/posts"}],"about":[{"href":"https:\/\/catholiques17.fr\/saintes\/wp-json\/wp\/v2\/types\/post"}],"author":[{"embeddable":true,"href":"https:\/\/catholiques17.fr\/saintes\/wp-json\/wp\/v2\/users\/9"}],"replies":[{"embeddable":true,"href":"https:\/\/catholiques17.fr\/saintes\/wp-json\/wp\/v2\/comments?post=13889"}],"version-history":[{"count":2,"href":"https:\/\/catholiques17.fr\/saintes\/wp-json\/wp\/v2\/posts\/13889\/revisions"}],"predecessor-version":[{"id":13897,"href":"https:\/\/catholiques17.fr\/saintes\/wp-json\/wp\/v2\/posts\/13889\/revisions\/13897"}],"wp:featuredmedia":[{"embeddable":true,"href":"https:\/\/catholiques17.fr\/saintes\/wp-json\/wp\/v2\/media\/13898"}],"wp:attachment":[{"href":"https:\/\/catholiques17.fr\/saintes\/wp-json\/wp\/v2\/media?parent=13889"}],"wp:term":[{"taxonomy":"category","embeddable":true,"href":"https:\/\/catholiques17.fr\/saintes\/wp-json\/wp\/v2\/categories?post=13889"},{"taxonomy":"post_tag","embeddable":true,"href":"https:\/\/catholiques17.fr\/saintes\/wp-json\/wp\/v2\/tags?post=13889"}],"curies":[{"name":"wp","href":"https:\/\/api.w.org\/{rel}","templated":true}]}}