{"id":13841,"date":"2026-04-02T15:17:48","date_gmt":"2026-04-02T13:17:48","guid":{"rendered":"https:\/\/catholiques17.fr\/saintes\/?p=13841"},"modified":"2026-04-02T15:17:49","modified_gmt":"2026-04-02T13:17:49","slug":"en-ce-jeudi-saint-pour-la-fete-du-sacerdoce-les-pretres-du-doyenne-se-sont-reunis-pour-un-dejeuner-commun-et-festif","status":"publish","type":"post","link":"https:\/\/catholiques17.fr\/saintes\/en-ce-jeudi-saint-pour-la-fete-du-sacerdoce-les-pretres-du-doyenne-se-sont-reunis-pour-un-dejeuner-commun-et-festif\/","title":{"rendered":"En ce jeudi saint, pour la f\u00eate du sacerdoce, les pr\u00eatres du doyenn\u00e9 se sont r\u00e9unis pour un d\u00e9jeuner commun et festif !"},"content":{"rendered":"\n<p>En ce jeudi saint, pour la f\u00eate du sacerdoce, les pr\u00eatres du doyenn\u00e9 se sont r\u00e9unis pour un d\u00e9jeuner commun et festif !<\/p>\n\n\n\n<figure class=\"wp-block-image aligncenter size-full\"><img loading=\"lazy\" decoding=\"async\" width=\"600\" height=\"800\" src=\"https:\/\/catholiques17.fr\/saintes\/wp-content\/uploads\/sites\/3\/2026\/04\/WhatsApp-Image-2026-04-02-at-13.20.21-2.jpeg\" alt=\"\" class=\"wp-image-13842\" srcset=\"https:\/\/catholiques17.fr\/saintes\/wp-content\/uploads\/sites\/3\/2026\/04\/WhatsApp-Image-2026-04-02-at-13.20.21-2.jpeg 600w, https:\/\/catholiques17.fr\/saintes\/wp-content\/uploads\/sites\/3\/2026\/04\/WhatsApp-Image-2026-04-02-at-13.20.21-2-480x640.jpeg 480w\" sizes=\"(min-width: 0px) and (max-width: 480px) 480px, (min-width: 481px) 600px, 100vw\" \/><\/figure>\n\n\n\n<figure class=\"wp-block-image aligncenter size-full\"><img loading=\"lazy\" decoding=\"async\" width=\"600\" height=\"800\" src=\"https:\/\/catholiques17.fr\/saintes\/wp-content\/uploads\/sites\/3\/2026\/04\/WhatsApp-Image-2026-04-02-at-13.20.21-1.jpeg\" alt=\"\" class=\"wp-image-13843\" srcset=\"https:\/\/catholiques17.fr\/saintes\/wp-content\/uploads\/sites\/3\/2026\/04\/WhatsApp-Image-2026-04-02-at-13.20.21-1.jpeg 600w, https:\/\/catholiques17.fr\/saintes\/wp-content\/uploads\/sites\/3\/2026\/04\/WhatsApp-Image-2026-04-02-at-13.20.21-1-480x640.jpeg 480w\" sizes=\"(min-width: 0px) and (max-width: 480px) 480px, (min-width: 481px) 600px, 100vw\" \/><\/figure>\n","protected":false},"excerpt":{"rendered":"<p>En ce jeudi saint, pour la f\u00eate du sacerdoce, les pr\u00eatres du doyenn\u00e9 se sont r\u00e9unis pour un d\u00e9jeuner commun et festif !<\/p>\n","protected":false},"author":9,"featured_media":13844,"comment_status":"open","ping_status":"open","sticky":false,"template":"","format":"standard","meta":{"_et_pb_use_builder":"off","_et_pb_old_content":"","_et_gb_content_width":"","footnotes":""},"categories":[6],"tags":[],"class_list":["post-13841","post","type-post","status-publish","format-standard","has-post-thumbnail","hentry","category-actualite"],"_links":{"self":[{"href":"https:\/\/catholiques17.fr\/saintes\/wp-json\/wp\/v2\/posts\/13841","targetHints":{"allow":["GET"]}}],"collection":[{"href":"https:\/\/catholiques17.fr\/saintes\/wp-json\/wp\/v2\/posts"}],"about":[{"href":"https:\/\/catholiques17.fr\/saintes\/wp-json\/wp\/v2\/types\/post"}],"author":[{"embeddable":true,"href":"https:\/\/catholiques17.fr\/saintes\/wp-json\/wp\/v2\/users\/9"}],"replies":[{"embeddable":true,"href":"https:\/\/catholiques17.fr\/saintes\/wp-json\/wp\/v2\/comments?post=13841"}],"version-history":[{"count":1,"href":"https:\/\/catholiques17.fr\/saintes\/wp-json\/wp\/v2\/posts\/13841\/revisions"}],"predecessor-version":[{"id":13845,"href":"https:\/\/catholiques17.fr\/saintes\/wp-json\/wp\/v2\/posts\/13841\/revisions\/13845"}],"wp:featuredmedia":[{"embeddable":true,"href":"https:\/\/catholiques17.fr\/saintes\/wp-json\/wp\/v2\/media\/13844"}],"wp:attachment":[{"href":"https:\/\/catholiques17.fr\/saintes\/wp-json\/wp\/v2\/media?parent=13841"}],"wp:term":[{"taxonomy":"category","embeddable":true,"href":"https:\/\/catholiques17.fr\/saintes\/wp-json\/wp\/v2\/categories?post=13841"},{"taxonomy":"post_tag","embeddable":true,"href":"https:\/\/catholiques17.fr\/saintes\/wp-json\/wp\/v2\/tags?post=13841"}],"curies":[{"name":"wp","href":"https:\/\/api.w.org\/{rel}","templated":true}]}}