{"id":13803,"date":"2026-03-28T16:42:29","date_gmt":"2026-03-28T15:42:29","guid":{"rendered":"https:\/\/catholiques17.fr\/saintes\/?p=13803"},"modified":"2026-03-28T16:52:42","modified_gmt":"2026-03-28T15:52:42","slug":"soutenons-la-mission-de-leglise","status":"publish","type":"post","link":"https:\/\/catholiques17.fr\/saintes\/soutenons-la-mission-de-leglise\/","title":{"rendered":"Soutenons la mission de l&rsquo;Eglise"},"content":{"rendered":"\n<h3 class=\"wp-block-heading has-vivid-cyan-blue-color has-text-color has-link-color wp-elements-804651529cb8048a98cd94b3369aac36\"><a href=\"https:\/\/catholiques17.fr\/soutenons-la-mission-de-leglise\/\" data-type=\"link\" data-id=\"https:\/\/catholiques17.fr\/soutenons-la-mission-de-leglise\/\" target=\"_blank\" rel=\"noreferrer noopener\"><strong>En ce week-end des Rameaux, c\u2019est le lancement de la Campagne du Denier !<\/strong><\/a><\/h3>\n\n\n\n<h3 class=\"wp-block-heading\">Pour que l\u2019Eglise puisse continuer \u00e0 nourrir notre foi, c\u00e9l\u00e9brer ensemble, et cultiver l\u2019esp\u00e9rance, soutenons la dans sa mission !<\/h3>\n\n\n\n<div style=\"height:37px\" aria-hidden=\"true\" class=\"wp-block-spacer\"><\/div>\n\n\n\n<div class=\"wp-block-buttons is-content-justification-center is-layout-flex wp-container-core-buttons-is-layout-16018d1d wp-block-buttons-is-layout-flex\">\n<div class=\"wp-block-button is-style-outline is-style-outline--1\"><a class=\"wp-block-button__link has-vivid-cyan-blue-color has-white-background-color has-text-color has-background has-link-color has-text-align-center wp-element-button\" href=\"https:\/\/donnons-catholiques17.fr\/\" target=\"_blank\" rel=\"noreferrer noopener\">Je soutiens l&rsquo;\u00e9glise dans sa mission<\/a><\/div>\n<\/div>\n","protected":false},"excerpt":{"rendered":"<p>En ce week-end des Rameaux, c\u2019est le lancement de la Campagne du Denier ! Pour que l\u2019Eglise puisse continuer \u00e0 nourrir notre foi, c\u00e9l\u00e9brer ensemble, et cultiver l\u2019esp\u00e9rance, soutenons la [&hellip;]<\/p>\n","protected":false},"author":9,"featured_media":13804,"comment_status":"open","ping_status":"open","sticky":false,"template":"","format":"standard","meta":{"_et_pb_use_builder":"off","_et_pb_old_content":"","_et_gb_content_width":"","footnotes":""},"categories":[6],"tags":[],"class_list":["post-13803","post","type-post","status-publish","format-standard","has-post-thumbnail","hentry","category-actualite"],"_links":{"self":[{"href":"https:\/\/catholiques17.fr\/saintes\/wp-json\/wp\/v2\/posts\/13803","targetHints":{"allow":["GET"]}}],"collection":[{"href":"https:\/\/catholiques17.fr\/saintes\/wp-json\/wp\/v2\/posts"}],"about":[{"href":"https:\/\/catholiques17.fr\/saintes\/wp-json\/wp\/v2\/types\/post"}],"author":[{"embeddable":true,"href":"https:\/\/catholiques17.fr\/saintes\/wp-json\/wp\/v2\/users\/9"}],"replies":[{"embeddable":true,"href":"https:\/\/catholiques17.fr\/saintes\/wp-json\/wp\/v2\/comments?post=13803"}],"version-history":[{"count":5,"href":"https:\/\/catholiques17.fr\/saintes\/wp-json\/wp\/v2\/posts\/13803\/revisions"}],"predecessor-version":[{"id":13812,"href":"https:\/\/catholiques17.fr\/saintes\/wp-json\/wp\/v2\/posts\/13803\/revisions\/13812"}],"wp:featuredmedia":[{"embeddable":true,"href":"https:\/\/catholiques17.fr\/saintes\/wp-json\/wp\/v2\/media\/13804"}],"wp:attachment":[{"href":"https:\/\/catholiques17.fr\/saintes\/wp-json\/wp\/v2\/media?parent=13803"}],"wp:term":[{"taxonomy":"category","embeddable":true,"href":"https:\/\/catholiques17.fr\/saintes\/wp-json\/wp\/v2\/categories?post=13803"},{"taxonomy":"post_tag","embeddable":true,"href":"https:\/\/catholiques17.fr\/saintes\/wp-json\/wp\/v2\/tags?post=13803"}],"curies":[{"name":"wp","href":"https:\/\/api.w.org\/{rel}","templated":true}]}}