{"id":13799,"date":"2026-03-26T12:57:59","date_gmt":"2026-03-26T11:57:59","guid":{"rendered":"https:\/\/catholiques17.fr\/saintes\/?p=13799"},"modified":"2026-03-26T12:58:01","modified_gmt":"2026-03-26T11:58:01","slug":"la-foi-vecue-dans-le-quotidien-dun-pere-de-famille","status":"publish","type":"post","link":"https:\/\/catholiques17.fr\/saintes\/la-foi-vecue-dans-le-quotidien-dun-pere-de-famille\/","title":{"rendered":"La foi v\u00e9cue dans le quotidien d&rsquo;un p\u00e8re de famille"},"content":{"rendered":"\n<p><a href=\"https:\/\/catholiques17.fr\/saintes\/wp-content\/uploads\/sites\/3\/2026\/03\/Pele-des-peres-de-famille-2026-P.-Monnard.pdf\" data-type=\"link\" data-id=\"https:\/\/catholiques17.fr\/saintes\/wp-content\/uploads\/sites\/3\/2026\/03\/Pele-des-peres-de-famille-2026-P.-Monnard.pdf\" target=\"_blank\" rel=\"noreferrer noopener\">\u00ab\u00a0La foi v\u00e9cue dans le quotidien d&rsquo;un p\u00e8re de famille\u00a0\u00bb, tel \u00e9tait le th\u00e8me du p\u00e9lerinage des p\u00e8res de famille qui a conduit une centaine de p\u00e8res sur les chemins entre Pons et Saintes les 14 et 15 mars.<\/a><\/p>\n\n\n\n<p>P\u00e8lerinage des p\u00e8res de famille 2026 &#8211; 1 \/ 7<br>La foi v\u00e9cue dans le quotidien d&rsquo;un p\u00e8re de famille<br>Une foi incarn\u00e9e, tel est le th\u00e8me de notre r\u00e9flexion, qui manifeste cette vie nouvelle dans le Christ.<br>Dans la lettre aux Romains, St Paul, se fondant sur l&rsquo;oeuvre de salut accomplie par Dieu en J\u00e9sus Christ, exhorte les chr\u00e9tiens \u00e0 vivre la vie nouvelle qui leur a \u00e9t\u00e9 accord\u00e9e en J\u00e9sus Christ :<br>\u00ab Je vous exhorte donc, fr\u00e8res, par la tendresse de Dieu, \u00e0 lui pr\u00e9senter votre corps \u2014 votre personne tout enti\u00e8re -, en sacrifice vivant, saint, capable de plaire \u00e0 Dieu : c&rsquo;est l\u00e0, pour vous, la juste mani\u00e8re de lui rendre un culte.<br>Ne prenez pos pour mod\u00e8le le monde pr\u00e9sent, mais transformez-vous en renouvelant votre fa\u00e7on de penser pour discerner quelle est la volont\u00e9 de Dieu : ce qui est bon, ce qui est capable de lui plaire, ce qui est parfait. \u00bb (Lettre de St Paul aux Romains (12, 1 -2) )<br>Le chr\u00e9tien est donc appel\u00e9 par l&rsquo;ap\u00f4tre \u00e0 vivre une vie nouvelle qui se caract\u00e9rise par une rupture avec les modes de pens\u00e9e courants. Il s&rsquo;agit de se laisser transformer par le renouvellement de sa pens\u00e9e, c&rsquo;est-\u00e0-dire que des pens\u00e9es conformes \u00e0 celles du Seigneur doivent habiter le croyant.<br>Ainsi donc une conception de la paternit\u00e9 humaine \u00e0 I \u2018\u00e9cole et \u00e0 la mani\u00e8re du P\u00e8re des cieux, non seulement doit vous habiter mais aussi inspirer vos attitudes, votre relation \u00e0 vos enfants.<br>Le t\u00e9moignage de vie que le p\u00e8re donne \u00e0 ses enfants, peut rev\u00eatir trois dimensions essentielles qui se renvoient l&rsquo;une \u00e0 l&rsquo;autre et dans lesquelles se r\u00e9v\u00e8le la nouveaut\u00e9 de vie suscit\u00e9e par la foi.<br>3 dimensions donc :<\/p>\n\n\n\n<ul class=\"wp-block-list\">\n<li>La relation au Christ<\/li>\n\n\n\n<li>L&rsquo;appartenance \u00e0 une communaut\u00e9 eccl\u00e9siale<\/li>\n\n\n\n<li>La mani\u00e8re convertie de vivre la paternit\u00e9.<br>1- La relation au Christ<br>Cette foi incarn\u00e9e se manifeste de mani\u00e8re primordiale par ce qui est son expression m\u00eame, la pri\u00e8re, la fr\u00e9quentation de la Parole, l&rsquo;union au Christ dans la c\u00e9l\u00e9bration des sacrements, car la foi est d&rsquo;abord cette ouverture de notre vie, cet<br>P\u00e8lerinage des p\u00e8res de famille 2026 &#8211; 2 \/ 7<br>accueil et cette reconnaissance d&rsquo;un Amour premier qui nous<br>Il ne s&rsquo;agit donc pas de mettre en avant et de vivre quelques valeurs humaines ou morales. Il s&rsquo;agit de laisser I\u2019 Esprit faire de nous de plus en plus des disciples et des amis du Christ.<br>Etre un croyant anim\u00e9, habit\u00e9 de l&rsquo;int\u00e9rieur par le Christ vivant, voil\u00e0 le premier t\u00e9moignage de vie \u00e0 donner aux enfants :<br>Ce papa priant en silence, apr\u00e8s la communion \u00e0 la messe ;<br>Ce papa appelant \u00e0 la pri\u00e8re familiale durant laquelle l&rsquo;enfant au c\u00f4t\u00e9 de son p\u00e8re le voit prier, en v\u00e9rit\u00e9.<br>Voil\u00e0 bien un t\u00e9moignage qui est de l&rsquo;ordre d&rsquo;un rayonnement, qui ouvre au myst\u00e8re de la pr\u00e9sence divine et qui reste en m\u00e9moire.<br>La place accord\u00e9e par le p\u00e8re de famille dans le quotidien \u00e0 la pri\u00e8re est la meilleure \u00e9cole pour apprendre \u00e0 l&rsquo;enfant \u00e0 pr\u00e9server un temps pour le Seigneur dans ses journ\u00e9es. La place accord\u00e9e aux temps liturgiques, aux f\u00eates chr\u00e9tiennes, non seulement \u00e0 l&rsquo;\u00e9glise mais aussi dans les maisons, avec des rituels en lien avec la f\u00eate, \u00e0 vivre en famille est aussi une belle initiation.<br>Alors les questions sont celles-ci :<\/li>\n\n\n\n<li>Qu&rsquo;est-ce qui nourrit et renouvelle notre relation personnelle au Christ, dans la dur\u00e9e ?<\/li>\n\n\n\n<li>Quels moyens nous donnons-nous pour que ce temps offert au Seigneur dans la pri\u00e8re soit r\u00e9gulier ?<\/li>\n\n\n\n<li>A la maison, je dirais naturellement, au quotidien, une parole de foi est-elle \u00e9chang\u00e9e, exprim\u00e9e entre les membres de la famille ?<\/li>\n\n\n\n<li>La parole du p\u00e8re comme celle de la m\u00e8re ont un poids \u00e9norme et unique aupr\u00e8s des enfants ;<br>Le p\u00e8re peut, lorsque I \u2018occasion se pr\u00e9sente, partager son propre itin\u00e9raire spirituel, les t\u00e9moins, les \u00e9tapes, les lieux qui l&rsquo;ont marqu\u00e9<\/li>\n\n\n\n<li>La foi peut aussi \u00e9clairer tel \u00e9v\u00e8nement auquel est confront\u00e9e la famille : \u00e0 la lumi\u00e8re de I \u2018Evangile, chercher dans cette exp\u00e9rience, la volont\u00e9 du Seigneur, pour la mettre en pratique<\/li>\n\n\n\n<li>Apr\u00e8s la messe dominicale, le p\u00e8re peut partager \u00e0 table \u00e0 la maison, non pas son commentaire sur l&rsquo;animateur qui chante plus ou moins bien ou sur l&rsquo;hom\u00e9lie trop longue ou trop courte mais sur la phrase de I \u2018\u00c9vangile du jour qui retentit en lui ou sur tel aspect de la beaut\u00e9 du myst\u00e8re eucharistique qui le saisit en ce<br>P\u00e8lerinage des p\u00e8res de famille 2026 &#8211; 3 \/ 7<br>moment.<br>Bref, une vie de foi et une parole de foi du p\u00e8re de famille qui mettent en valeur aupr\u00e8s des enfants deux dimensions essentielles et les initient \u00e0 celle-ci : L&rsquo;int\u00e9riorit\u00e9 L&rsquo;intelligence du coeur.<br>L&rsquo;int\u00e9riorit\u00e9<br>Il s&rsquo;agit de vous donner \u00e0 vous-m\u00eame et de partager \u00e0 vos enfants les moyens d&rsquo;\u00eatre \u00e0 tout ce qui fait votre vie int\u00e9rieure, la vie int\u00e9rieure de vos enfants :<br>Faire place au silence, savoir s&rsquo;arr\u00eater, mettre des mots sur ce qui se passe en vous, relire sa journ\u00e9e, prier.<br>L&rsquo;intelligence du coeur<br>Il s&rsquo;agit d&rsquo;apprendre \u00e0 avoir une appr\u00e9hension de la vie, des autres, d&rsquo;une situation, qui ne soit pas uniquement ext\u00e9rieure, mat\u00e9rielle mais bien avoir un coeur attentif, plein d&rsquo;humanit\u00e9, d\u00e9centr\u00e9 de soi, dans une r\u00e9elle pr\u00e9sence \u00e0 l&rsquo;autre.<br>Cette nouveaut\u00e9 de vie suscit\u00e9e par la foi s&rsquo;exprime aussi dans votre appartenance \u00e0 une communaut\u00e9 eccl\u00e9siale et d&rsquo;abord la paroisse.<br>2- L\u2019appartenance \u00e0 une communaut\u00e9 eccl\u00e9siale<br>Ce t\u00e9moignage de foi aupr\u00e8s de vos enfants se joue aussi dans sa dimension eccl\u00e9siale, dans la place que vous donnez \u00e0 la vie de votre communaut\u00e9 paroissiale.<br>Reprenons ici les belles d\u00e9finitions de la paroisse donn\u00e9es par St Jean Paul ll dans son exhortation apostolique \u201cles fid\u00e8les la\u00efcs\u201d N\u00b012.<br>La paroisse est : \u00ab l&rsquo;Eglise elle-m\u00eame qui vit au milieu des maisons ; La famille de Dieu, fraternit\u00e9 qui n&rsquo;a qu&rsquo;une \u00e2me ; Une maison de famille, fraternelle et accueillante, qui trouve la racine vivante de sa constitution et sa croissance en la c\u00e9l\u00e9bration de l&rsquo;eucharistie.\u201d<br>Il ne s&rsquo;agit pas de faire de la paroisse seulement le lieu de nos actes de pi\u00e9t\u00e9 individuels, ou encore un club de bons amis initi\u00e9s qui se rassemblent par affinit\u00e9 et qui finalement se ressemblent. De mani\u00e8re effective, il s&rsquo;agit de<br>P\u00e8lerinage des p\u00e8res de famille 2026 &#8211; 4 \/ 7<br>d\u00e9cider de rejoindre la paroisse telle qu&rsquo;elle est dans sa proximit\u00e9 avec votre domicile, en apportant et en partageant vos talents re\u00e7us :<\/li>\n\n\n\n<li>Le choix effectif de vivre une r\u00e9elle fraternit\u00e9 dans le lien, le soutien, l&rsquo;attente \u00e0 I\u2019antre chr\u00e9tienne<\/li>\n\n\n\n<li>Le choix de donner de l&rsquo;importance et m\u00eame la priorit\u00e9 \u00e0 la vie de cette communaut\u00e9 paroissiale, lorsqu&rsquo;elle vit des moments forts, des rassemblements, pour faire percevoir \u00e0 vos enfants (cf Saint Jean Paul ll) qu&rsquo;elle est pour eux aussi une famille dans les membres sont re-n\u00e9s d&rsquo;en haut (Jn3; 3) \u00e0 travers l&rsquo;autre diff\u00e9rent que le Seigneur vous d\u00e9signe comme fr\u00e8re dans la foi donne lieu \u00e0 des r\u00e9unions, des rencontres, des f\u00eates de cette famille de chr\u00e9tiens, auxquelles vos enfants peuvent \u00eatre associ\u00e9s.<br>3- La mani\u00e8re convertie de vivre la paternit\u00e9<br>Il s&rsquo;agit de prendre au s\u00e9rieux la parole de l\u2018ap\u00f4tre Paul : \u201cNotre foi au Christ nous donne I \u2018assurance n\u00e9cessaire pour acc\u00e9der aupr\u00e8s de Dieu en toute confiance. C&rsquo;est pourquoi je tombe \u00e0 genoux devant le p\u00e8re, de qui toute paternit\u00e9 au ciel et sur la terre tient son nom\u201d (Eph3 12,14 et 15)<br>Ainsi, accueillant cette r\u00e9v\u00e9lation de Dieu comme P\u00e8re, gr\u00e2ce au Christ dans la foi, celle-ci vient non seulement signifier, mais informer jusqu&rsquo;\u00e0 convertir votre mani\u00e8re de vivre votre paternit\u00e9 humaine.<br>Avant de souligner 4 traits de cette paternit\u00e9 convertie, je voudrais citer une Parole de J\u00e9sus :<br>\u201c Quel p\u00e8re parmi vous, quand s on fils lui demande un poisson lui donnera un serpent au lieu du poisson ? Si donc vous qui \u00eates mauvais, vous savez donner de bonnes choses \u00e0 vos enfants, combien plus le P\u00e8re du ciel donnera-t-il l&rsquo;esprit \u00e0 ceux qui le lui demande ? \u00bb (Luc 1 1, 11 et 13)<br>Il s&rsquo;agit donc d&rsquo;\u00eatre \u00e0 I \u2018\u00e9cole de ce \u201ccombien plus\u201d divin :<\/li>\n\n\n\n<li>Combien le P\u00e8re aime. \u2026<\/li>\n\n\n\n<li>Comme le P\u00e8re nous aime\u2026.<\/li>\n\n\n\n<li>Si nous savions ce don de Dieu\u2026.<br>Et pour \u00eatre non seulement \u00e0 l\u2019\u00e9cole, mais \u00e0 l&rsquo;image du P\u00e8re, il s&rsquo;agit d&rsquo;\u00eatre \u00e0 l&rsquo;image du Fils qui nous le r\u00e9v\u00e8le pleinement.<br>P\u00e8lerinage des p\u00e8res de famille 2026 &#8211; 5 \/ 7<br>Donc 4 traits de cette paternit\u00e9 convertie :<br>A) Vivre cette paternit\u00e9 humaine comme un service<br>Service et minist\u00e8re, c&rsquo;est le m\u00eame mot, le m\u00eame sens. C&rsquo;est pourquoi St Jean-Paul ll parle d&rsquo;un minist\u00e8re authentique, pour \u00e9voquer la t\u00e2che \u00e9ducatrice des parents. Et Jean-Paul ll de poursuivre : \u201cUn vrai minist\u00e8re gr\u00e2ce \u00e0 I \u2018Evangile est transmis et diffus\u00e9 \u00e0 tel point que la vie familiale dans son ensemble devient chemin de foi et en quelque sorte initiation chr\u00e9tienne et \u00e9cole de vie, \u00e0 la suite du Christ\u201d. (Jean-Paul ll Exhortation apostolique \u201c Les t\u00e2ches de la famille chr\u00e9tienne dans le monde d\u2019aujourd&rsquo;hui\u201d n\u00b039=<br>Ainsi quand on parle d&rsquo;autorit\u00e9 paternelle, il faut pr\u00e9ciser que ce mot \u201cautorit\u00e9\u201d vient du latin, qui signifie \u201cfaire cro\u00eetre\u201d.<br>Pour le p\u00e8re de famille, il s&rsquo;agit d&rsquo;\u00eatre au service de cette croissance hum aine et spirituelle de l&rsquo;enfant \u00e0 l&rsquo;image du Christ lui-m\u00eame qui n&rsquo;est pas venu pour \u00eatre servi mais pour servir.<br>B) Une paternit\u00e9 dans une pr\u00e9sence attentive \u00e0 I&rsquo;enfant<br>Souvent, il est rappel\u00e9 que le p\u00e8re est ce lui qui dit la loi et qui met des limites. Cela est vrai, mais il doit savoir aussi \u00eatre avec, pr\u00e9sent \u00e0 I \u2018enfant, certes diff\u00e9remment selon les \u00e9tapes de la vie de ce dernier.<br>\u00catre avec : lui offrir du temps et faire des choix concrets, pour que cela soit effectif \u00e0 l&rsquo;image de ce Seigneur de l&rsquo;Alliance, de ce Dieu avec nous, l&rsquo;Emmanuel, tel que J\u00e9sus le r\u00e9v\u00e8le pleinement.<br>Ecoutons \u00e0 ce sujet quelques phrases du livre du proph\u00e8te Os\u00e9e :<br>\u201cOui, j&rsquo;ai aim\u00e9 Isra\u00ebl d\u00e8s son enfance et pour le faire sortir d&rsquo;Egypte, j&rsquo;ai appel\u00e9 mon fils. C&rsquo;est moi qui lui apprenais \u00e0 marcher, en le soutenant de mes bras et il n&rsquo;a pas compris que je venais \u00e0 son secours.<br>Je le guidais avec humanit\u00e9 par des liens d&rsquo;amour, je le traitais comme un nourrisson que l&rsquo;on soul\u00e8ve tout contre sa joue ; je me penchais pour le faire manger\u201d (Os\u00e9e 11, 2 et 4)<br>P\u00e8lerinage des p\u00e8res de famille 2026 &#8211; 6 \/ 7<br>C) Une paternit\u00e9 qui se vit \u00e0 la lumi\u00e8re de l&rsquo;unique myst\u00e8re pascal du Christ<br>Votre paternit\u00e9 humaine est appel\u00e9e \u00e0 traverser ce qui immanquablement appartient \u00e0 la r\u00e9alit\u00e9 des relations humaines, et particuli\u00e8rement la relation paternelle et filiale, \u00e0 savoir l&rsquo;\u00e9chec, les d\u00e9ceptions, les paroles blessantes, l&rsquo;indiff\u00e9rence, le jugement.<br>Avec le Christ de P\u00e2ques, il s&rsquo;agit alors de passer de la mort \u00e0 la vie, du p\u00e9ch\u00e9 \u00e0 un amour offert de mani\u00e8re renouvel\u00e9e, re-donner son amour et m\u00eame par-donner dans un acte re-cr\u00e9ateur qui trouve sa source en Dieu le P\u00e8re, l\u00e0 encore \u00e0 l&rsquo;\u00e9cole du P\u00e8re du ciel.<br>\u201cVois donc, je t&rsquo;ai grav\u00e9 sur les paumes de mes mains, tes remparts sont constamment devant moi\u201d (lsa\u00efe 49,16)<br>\u201cSur les montagnes peuvent s&rsquo;en aller et les collines s\u2019\u00e9branler, mais ma fid\u00e9lit\u00e9 ne s&rsquo;\u00e9cartera pas de toi, mon alliance de paix avec toi ne sera pas \u00e9branl\u00e9e\u201d dit le Seigneur qui te montre sa tendresse. \u00bb (lsa\u00efe 54,10)<br>D) Une paternit\u00e9 \u00e0 vivre comme un envoi<br>Votre paternit\u00e9 humaine est \u00e0 vivre comme un envoi, au sens o\u00f9 votre amour paternel n\u2019enferme pas, ne garde pas. Il est donn\u00e9 pour faire acc\u00e9der l&rsquo;enfant \u00e0 une libert\u00e9 int\u00e9rieure \u00e0 partir de laquelle le nouvel adulte qu&rsquo;il deviendra pourra se r\u00e9v\u00e9ler dans sa vocation propre, avec ses talents, ses dons mais aussi ses comp\u00e9tences acquises. Pour cela il empruntera son propre chemin. Ainsi donc son \u00e9ducation lui est donn\u00e9e pour son envoi dans la vie. Celui-ci est \u00e0 l&rsquo;image de ceux que le Christ exprime, lorsqu&rsquo;il gu\u00e9rit ou pardonne : \u00ab Va et ne p\u00eache plus \u00bb &#8211; \u00ab L\u00e8ve toi et marche \u00bb<br>Ce qui peut se traduire ainsi : \u201cRayonne ; Sois beau de ce que tu as re\u00e7u, D\u00e9ploie dans ta vie le don que je t&rsquo;ai fait, selon ta vocation propre, selon ton amplitude propre\u201d (C. Delsol, Martin Steffens le nouvel \u00e2ge p:227)<br>L&rsquo;amour paternel appelle aussi cet envoi ; il doit avoir cet objectif.<br>Conclusion<br>Pour vivre en tant que p\u00e8re, ce beau t\u00e9moignage de foi aupr\u00e8s de vos enfants, vous avez un guide et aussi un intercesseur : St Joseph, que nous f\u00eatons le 19 mars.<br>P\u00e8lerinage des p\u00e8res de famille 2026 &#8211; 7 \/ 7<\/li>\n\n\n\n<li>Joseph a en effet cette superbe mission de traduire paternellement cet amour du Seigneur pour son fils, de veiller sur lui, de le prot\u00e9ger des dangers.<\/li>\n\n\n\n<li>Joseph donne \u00e0 J\u00e9sus une double nourriture pour qu&rsquo;il grandisse : Le pain des hommes et la parole de Dieu, dont le p\u00e8re \u00e9tait charg\u00e9 dans une famille juive, ce p\u00e8re qui pr\u00e9sidait la liturgie familiale, en initiant J\u00e9sus aux psaumes, \u00e0 la louange.<br>-Joseph montre \u00e0 J\u00e9sus dans I \u2018Ecriture le visage de Dieu le P\u00e8re.<br>Joseph est ainsi pour J\u00e9sus enfant, le visage du P\u00e8re \u00e9ternel. En s\u2019effa\u00e7ant ensuite, le juste, ajust\u00e9 \u00e0 la volont\u00e9 du P\u00e8re, s&rsquo;efface, en nous guidant vers la pl\u00e9nitude des temps (Gal4,4) qui est de donner des fils au P\u00e8re et comme J\u00e9sus de pouvoir l&rsquo;appeler Abba, notre P\u00e8re.<br>Donner des fils et des filles au P\u00e8re qui puissent le reconna\u00eetre, tout Amour offert. Voil\u00e0 aussi votre vocation de p\u00e8re de famille.<br>Confions-nous durant cette marche \u00e0 la pri\u00e8re de St Joseph.<br>P\u00e8re Bertrand Monnard<br>P\u00e8lerinage dioc\u00e9sain des p\u00e8res de famille<br>15 mars 2026<\/li>\n<\/ul>\n","protected":false},"excerpt":{"rendered":"<p>\u00ab\u00a0La foi v\u00e9cue dans le quotidien d&rsquo;un p\u00e8re de famille\u00a0\u00bb, tel \u00e9tait le th\u00e8me du p\u00e9lerinage des p\u00e8res de famille qui a conduit une centaine de p\u00e8res sur les chemins [&hellip;]<\/p>\n","protected":false},"author":9,"featured_media":9111,"comment_status":"open","ping_status":"open","sticky":false,"template":"","format":"standard","meta":{"_et_pb_use_builder":"off","_et_pb_old_content":"","_et_gb_content_width":"","footnotes":""},"categories":[6],"tags":[],"class_list":["post-13799","post","type-post","status-publish","format-standard","has-post-thumbnail","hentry","category-actualite"],"_links":{"self":[{"href":"https:\/\/catholiques17.fr\/saintes\/wp-json\/wp\/v2\/posts\/13799","targetHints":{"allow":["GET"]}}],"collection":[{"href":"https:\/\/catholiques17.fr\/saintes\/wp-json\/wp\/v2\/posts"}],"about":[{"href":"https:\/\/catholiques17.fr\/saintes\/wp-json\/wp\/v2\/types\/post"}],"author":[{"embeddable":true,"href":"https:\/\/catholiques17.fr\/saintes\/wp-json\/wp\/v2\/users\/9"}],"replies":[{"embeddable":true,"href":"https:\/\/catholiques17.fr\/saintes\/wp-json\/wp\/v2\/comments?post=13799"}],"version-history":[{"count":2,"href":"https:\/\/catholiques17.fr\/saintes\/wp-json\/wp\/v2\/posts\/13799\/revisions"}],"predecessor-version":[{"id":13802,"href":"https:\/\/catholiques17.fr\/saintes\/wp-json\/wp\/v2\/posts\/13799\/revisions\/13802"}],"wp:featuredmedia":[{"embeddable":true,"href":"https:\/\/catholiques17.fr\/saintes\/wp-json\/wp\/v2\/media\/9111"}],"wp:attachment":[{"href":"https:\/\/catholiques17.fr\/saintes\/wp-json\/wp\/v2\/media?parent=13799"}],"wp:term":[{"taxonomy":"category","embeddable":true,"href":"https:\/\/catholiques17.fr\/saintes\/wp-json\/wp\/v2\/categories?post=13799"},{"taxonomy":"post_tag","embeddable":true,"href":"https:\/\/catholiques17.fr\/saintes\/wp-json\/wp\/v2\/tags?post=13799"}],"curies":[{"name":"wp","href":"https:\/\/api.w.org\/{rel}","templated":true}]}}