{"id":13751,"date":"2026-03-12T17:32:53","date_gmt":"2026-03-12T16:32:53","guid":{"rendered":"https:\/\/catholiques17.fr\/saintes\/?p=13751"},"modified":"2026-03-12T17:36:02","modified_gmt":"2026-03-12T16:36:02","slug":"le-patronage-rouvre-ses-portes-en-avril","status":"publish","type":"post","link":"https:\/\/catholiques17.fr\/saintes\/le-patronage-rouvre-ses-portes-en-avril\/","title":{"rendered":"Le patronage rouvre ses portes en avril"},"content":{"rendered":"\n<p>Bonjour \u00e0 tous,<\/p>\n\n\n\n<p>apr\u00e8s le mus\u00e9e magique de f\u00e9vrier, St Eutrope prend le relai et nous emm\u00e8ne \u00e0 la recherche de l&rsquo;Atlantide !&nbsp;<strong>La semaine St Eutrope ouvre pour la premi\u00e8re fois !<\/strong><\/p>\n\n\n\n<p><strong><u>De quoi s&rsquo;agit-il ?<\/u><\/strong><\/p>\n\n\n\n<p>c&rsquo;est une semaine de patronage pendant les vacances de p\u00e2ques organis\u00e9e par le patronage de Voiville.&nbsp;<\/p>\n\n\n\n<p><strong><u>Pour qui ?<\/u><\/strong><\/p>\n\n\n\n<p>Tous les jeunes de 7 \u00e0 15ans !<\/p>\n\n\n\n<p><strong><u>Que faire ?<\/u><\/strong><\/p>\n\n\n\n<p><strong>En parler \u00e0 tous les enfants et parents que vous connaissez&nbsp;<\/strong>! (<a href=\"https:\/\/catholiques17.fr\/saintes\/wp-content\/uploads\/sites\/3\/2026\/03\/semaine-st-Eutrope-2_compressed_compressed_page-0001.jpg\" data-type=\"link\" data-id=\"https:\/\/catholiques17.fr\/saintes\/wp-content\/uploads\/sites\/3\/2026\/03\/semaine-st-Eutrope-2_compressed_compressed_page-0001.jpg\">tract ci-joint<\/a>) Transmettre la joie et faire na\u00eetre le d\u00e9sir pour qu&rsquo;un maximum de jeune puissent en profiter ! Puis s&rsquo;inscrire d\u00e8s que possible !<\/p>\n\n\n\n<p><strong><u>Comment s&rsquo;inscrire ?<\/u><\/strong><\/p>\n\n\n\n<p>1)&nbsp;<strong>si je suis venu cette ann\u00e9e \u00e0 la semaine Ste Eustelle (en f\u00e9vrier) ou alors que je suis inscrits aux mercredis&nbsp;<\/strong>:<\/p>\n\n\n\n<p><a href=\"https:\/\/docs.google.com\/forms\/d\/e\/1FAIpQLSfB9P3lcYYdWk0IQrScGNAZymcahw72r5pPNPyPmdLUXh4Rtg\/viewform?usp=header\" target=\"_blank\" rel=\"noreferrer noopener\">&#8211; en cliquant ici !<\/a><\/p>\n\n\n\n<p><a href=\"https:\/\/www.helloasso.com\/associations\/village-de-la-vie\/evenements\/semaine-saint-eutrope\" target=\"_blank\" rel=\"noreferrer noopener\">&#8211; puis ici !<\/a><\/p>\n\n\n\n<p>2)&nbsp;<strong>si je ne suis pas dans le cas 1) :<\/strong><\/p>\n\n\n\n<p><a href=\"https:\/\/docs.google.com\/forms\/d\/e\/1FAIpQLSfB9P3lcYYdWk0IQrScGNAZymcahw72r5pPNPyPmdLUXh4Rtg\/viewform?usp=header\" target=\"_blank\" rel=\"noreferrer noopener\">&#8211; en cliquant ici !<\/a><\/p>\n\n\n\n<p><a href=\"https:\/\/www.helloasso.com\/associations\/village-de-la-vie\/evenements\/semaine-saint-eutrope\" target=\"_blank\" rel=\"noreferrer noopener\">&#8211; puis ici !<\/a><\/p>\n\n\n\n<p>&#8211; je fournis une attestation de quotient familial&nbsp;<\/p>\n\n\n\n<p>&#8211; en renvoyant la<a href=\"https:\/\/catholiques17.fr\/saintes\/wp-content\/uploads\/sites\/3\/2026\/03\/Fiche-sanitaire-de-liaison.pdf\" data-type=\"link\" data-id=\"https:\/\/catholiques17.fr\/saintes\/wp-content\/uploads\/sites\/3\/2026\/03\/Fiche-sanitaire-de-liaison.pdf\" target=\"_blank\" rel=\"noreferrer noopener\"> fiche sanitaire<\/a> jointe ainsi qu&rsquo;une copie des vaccins de mon enfant (le nom\/pr\u00e9nom doit apparaitre).<\/p>\n\n\n\n<p><strong><u>Je veux aider !<\/u><\/strong>Toutes les bonnes volont\u00e9s sont les bienvenues pour aider en rejoignant la super \u00e9quipe des b\u00e9n\u00e9voles. On s&rsquo;adapte au temps et aux comp\u00e9tences que vous pouvez donner.&nbsp;<a href=\"https:\/\/docs.google.com\/forms\/d\/e\/1FAIpQLSfB9P3lcYYdWk0IQrScGNAZymcahw72r5pPNPyPmdLUXh4Rtg\/viewform?usp=header\" target=\"_blank\" rel=\"noreferrer noopener\">Pr\u00e9-incrivez vous ici !<\/a>Pas de panique, cela n&rsquo;engage en rien pour le moment \ud83d\ude09 !!<\/p>\n\n\n\n<p>Tout l&rsquo;\u00e9quipage de la mission Atlantide se joint \u00e0 moi pour vous souhaiter un bon embarquement et vous attend nombreux !<\/p>\n\n\n\n<p><strong>P. Jean-Eudes de CHALAIN<\/strong><\/p>\n\n\n\n<p>Directeur du Patronage<em>Patronage de Voiville<\/em><\/p>\n\n\n\n<p><em>7 rue de Voiville 17100 Saintes<\/em><\/p>\n\n\n\n<p>06.29.50.93.50.<\/p>\n\n\n\n<p><a href=\"mailto:patronagevoiville@villagedelavie.fr\" target=\"_blank\" rel=\"noreferrer noopener\">patronagevoiville@villagedelavie.fr<\/a><\/p>\n","protected":false},"excerpt":{"rendered":"<p>Bonjour \u00e0 tous, apr\u00e8s le mus\u00e9e magique de f\u00e9vrier, St Eutrope prend le relai et nous emm\u00e8ne \u00e0 la recherche de l&rsquo;Atlantide !&nbsp;La semaine St Eutrope ouvre pour la premi\u00e8re [&hellip;]<\/p>\n","protected":false},"author":9,"featured_media":13752,"comment_status":"open","ping_status":"open","sticky":false,"template":"","format":"standard","meta":{"_et_pb_use_builder":"off","_et_pb_old_content":"","_et_gb_content_width":"","footnotes":""},"categories":[6],"tags":[],"class_list":["post-13751","post","type-post","status-publish","format-standard","has-post-thumbnail","hentry","category-actualite"],"_links":{"self":[{"href":"https:\/\/catholiques17.fr\/saintes\/wp-json\/wp\/v2\/posts\/13751","targetHints":{"allow":["GET"]}}],"collection":[{"href":"https:\/\/catholiques17.fr\/saintes\/wp-json\/wp\/v2\/posts"}],"about":[{"href":"https:\/\/catholiques17.fr\/saintes\/wp-json\/wp\/v2\/types\/post"}],"author":[{"embeddable":true,"href":"https:\/\/catholiques17.fr\/saintes\/wp-json\/wp\/v2\/users\/9"}],"replies":[{"embeddable":true,"href":"https:\/\/catholiques17.fr\/saintes\/wp-json\/wp\/v2\/comments?post=13751"}],"version-history":[{"count":3,"href":"https:\/\/catholiques17.fr\/saintes\/wp-json\/wp\/v2\/posts\/13751\/revisions"}],"predecessor-version":[{"id":13756,"href":"https:\/\/catholiques17.fr\/saintes\/wp-json\/wp\/v2\/posts\/13751\/revisions\/13756"}],"wp:featuredmedia":[{"embeddable":true,"href":"https:\/\/catholiques17.fr\/saintes\/wp-json\/wp\/v2\/media\/13752"}],"wp:attachment":[{"href":"https:\/\/catholiques17.fr\/saintes\/wp-json\/wp\/v2\/media?parent=13751"}],"wp:term":[{"taxonomy":"category","embeddable":true,"href":"https:\/\/catholiques17.fr\/saintes\/wp-json\/wp\/v2\/categories?post=13751"},{"taxonomy":"post_tag","embeddable":true,"href":"https:\/\/catholiques17.fr\/saintes\/wp-json\/wp\/v2\/tags?post=13751"}],"curies":[{"name":"wp","href":"https:\/\/api.w.org\/{rel}","templated":true}]}}