{"id":13730,"date":"2026-03-11T16:09:34","date_gmt":"2026-03-11T15:09:34","guid":{"rendered":"https:\/\/catholiques17.fr\/saintes\/?p=13730"},"modified":"2026-03-11T16:09:38","modified_gmt":"2026-03-11T15:09:38","slug":"semaine-de-patronnage-a-voiville","status":"publish","type":"post","link":"https:\/\/catholiques17.fr\/saintes\/semaine-de-patronnage-a-voiville\/","title":{"rendered":"Semaine de patronnage \u00e0 Voiville"},"content":{"rendered":"\n<p>La prochaine semaine de patronage aura lieu du 7 au 11 avril 2026 \u00e0 Voiville, c&rsquo;est la semaine st Eutrope. Nous accueillons des b\u00e9n\u00e9voles qui voudraient aider selon leur temps et capacit\u00e9.<\/p>\n\n\n\n<p class=\"has-vivid-red-color has-text-color has-link-color wp-elements-8beb2b1f0bdc2fb16ef38def4afd8b1f\">Pour cela, une<strong> r\u00e9union d&rsquo;information et d&rsquo;organisation aura lieu le vendredi 20 mars 2026 \u00e0 18h30 \u00e0 Voiville.<\/strong>\u00a0<\/p>\n","protected":false},"excerpt":{"rendered":"<p>La prochaine semaine de patronage aura lieu du 7 au 11 avril 2026 \u00e0 Voiville, c&rsquo;est la semaine st Eutrope. Nous accueillons des b\u00e9n\u00e9voles qui voudraient aider selon leur temps [&hellip;]<\/p>\n","protected":false},"author":9,"featured_media":0,"comment_status":"open","ping_status":"open","sticky":false,"template":"","format":"standard","meta":{"_et_pb_use_builder":"off","_et_pb_old_content":"","_et_gb_content_width":"","footnotes":""},"categories":[6],"tags":[],"class_list":["post-13730","post","type-post","status-publish","format-standard","hentry","category-actualite"],"_links":{"self":[{"href":"https:\/\/catholiques17.fr\/saintes\/wp-json\/wp\/v2\/posts\/13730","targetHints":{"allow":["GET"]}}],"collection":[{"href":"https:\/\/catholiques17.fr\/saintes\/wp-json\/wp\/v2\/posts"}],"about":[{"href":"https:\/\/catholiques17.fr\/saintes\/wp-json\/wp\/v2\/types\/post"}],"author":[{"embeddable":true,"href":"https:\/\/catholiques17.fr\/saintes\/wp-json\/wp\/v2\/users\/9"}],"replies":[{"embeddable":true,"href":"https:\/\/catholiques17.fr\/saintes\/wp-json\/wp\/v2\/comments?post=13730"}],"version-history":[{"count":1,"href":"https:\/\/catholiques17.fr\/saintes\/wp-json\/wp\/v2\/posts\/13730\/revisions"}],"predecessor-version":[{"id":13731,"href":"https:\/\/catholiques17.fr\/saintes\/wp-json\/wp\/v2\/posts\/13730\/revisions\/13731"}],"wp:attachment":[{"href":"https:\/\/catholiques17.fr\/saintes\/wp-json\/wp\/v2\/media?parent=13730"}],"wp:term":[{"taxonomy":"category","embeddable":true,"href":"https:\/\/catholiques17.fr\/saintes\/wp-json\/wp\/v2\/categories?post=13730"},{"taxonomy":"post_tag","embeddable":true,"href":"https:\/\/catholiques17.fr\/saintes\/wp-json\/wp\/v2\/tags?post=13730"}],"curies":[{"name":"wp","href":"https:\/\/api.w.org\/{rel}","templated":true}]}}